{"id":202793,"date":"2024-02-23T10:32:26","date_gmt":"2024-02-23T14:32:26","guid":{"rendered":"https:\/\/www.noticel.com\/deportes\/20240223\/altas-expectativas-para-los-surfers-boricuas-en-arecibo\/"},"modified":"2025-07-11T20:48:36","modified_gmt":"2025-07-11T20:48:36","slug":"altas-expectativas-para-los-surfers-boricuas-en-arecibo","status":"publish","type":"post","link":"https:\/\/noticel.com\/en\/deportes\/20240223\/altas-expectativas-para-los-surfers-boricuas-en-arecibo\/","title":{"rendered":"Altas expectativas para los surfers boricuas en Arecibo"},"content":{"rendered":"<h3>Los ISA World Surfing Games 2024 se realizar\u00e1n en las olas de La Marginal en Arecibo desde hoy.<\/h3>\n<p>La Federaci\u00f3n de Surfing de Puerto Rico tiene altas expectativas para el clasificatorio ol\u00edmpico que comienza hoy en Arecibo, donde los boricuas tendr\u00e1n la \u00faltima oportunidad para ocupar un puesto en Par\u00eds 2024.<\/p>\n<p>Los ISA World Surfing Games 2024 se realizar\u00e1n en las olas de La Marginal en Arecibo.<\/p>\n<p>\u201cLas expectativas son muy altas\u2026 conocemos nuestras playas y nuestras olas mejor que cualquier otra delegaci\u00f3n\u201d, declar\u00f3 Oscar Mart\u00ednez, presidente de la Federaci\u00f3n de Surfing en una entrevista para NotiCel.<\/p>\n<p>A diferencia de otros deportes en donde Puerto Rico ha jugado como local, el factor principalmente reside en la fanaticada. En el caso del surfing es distinto. \u201cLas canchas de baloncesto, voleibol, todas miden lo mismo en cualquier parte del mundo, pero en el tema del surfing, cada playa es distinta.\u201d, dijo Mart\u00ednez.<\/p>\n<p>Lea tambi\u00e9n:<a href=\"https:\/\/noticel.com\/en\/deportes\/surfing\/top-stories\/20240223\/lo-mejor-del-surf-del-mundo-se-apodera-de-la-marginal\/\" id=\"link-1952b4686cf0dbdf17066e986ed3dfbc\" target=\"_blank\"> Lo mejor del surf del mundo se apodera de La Marginal<\/a><\/p>\n<p>El presidente de la federaci\u00f3n asegura, que los atletas y el cuerpo t\u00e9cnico llevan practicando desde el febrero del a\u00f1o anterior para esta competencia.<\/p>\n<p>El equipo que representar\u00e1 a Puerto Rico est\u00e1 compuesto por tres hombres y tres mujeres.<\/p>\n<p>Brian Toth, que aparte de ser surfista, tambi\u00e9n es bombero forestal, es un veterano del deporte con m\u00e1s de 15 a\u00f1os de experiencia, que ha tra\u00eddo muchos logros a nivel internacional a Puerto Rico.<\/p>\n<p>\u201cEst\u00e1 en el mejor estado f\u00edsico que yo lo he visto\u201d, expres\u00f3 el presidente de la federaci\u00f3n.<\/p>\n<p>Por otro lado, su contraparte en juventud, Dwight Pastrana, con 23 a\u00f1os est\u00e1 demostrando un talento incre\u00edble. Esto debido a que acaba de llegar de Rep\u00fablica Dominicana, donde logr\u00f3 llegar a las semifinales. \u201cPuede hacer todas las maniobras que existen en el libro.\u201d, asegur\u00f3 Mart\u00ednez.<\/p><div class=\"notic-content-middle\" id=\"notic-4251617354\"><div class=\"notic-adlabel\">Advertisements<\/div><a data-no-instant=\"1\" href=\"https:\/\/qrco.de\/bgxd5v\" rel=\"noopener\" class=\"a2t-link\" target=\"_blank\" aria-label=\"DisplayAd-728&#215;902\"><img loading=\"lazy\" decoding=\"async\" src=\"https:\/\/cdn.noticel.com\/2026\/09\/02195411\/DisplayAd-728x902-1.jpg\" alt=\"\"  srcset=\"https:\/\/cdn.noticel.com\/2026\/09\/02195411\/DisplayAd-728x902-1.jpg 728w, https:\/\/cdn.noticel.com\/2026\/09\/02195411\/DisplayAd-728x902-1-300x37.jpg 300w, https:\/\/cdn.noticel.com\/2026\/09\/02195411\/DisplayAd-728x902-1-18x2.jpg 18w\" sizes=\"(max-width: 728px) 100vw, 728px\" width=\"728\" height=\"90\"   \/><\/a><\/div>\n<p>Ricardo Delgado, quien ha sido campe\u00f3n nacional en m\u00faltiples ocasiones, ha demostrado una gran \u00e9tica de trabajo y preparaci\u00f3n para la competencia que se celebrara este s\u00e1bado. \u201cEs nuestro atleta m\u00e1s consistente\u201d, declar\u00f3 el presidente.<\/p>\n<p>Por otra parte, en el equipo femenino, se encuentra Havanna Cabrero, hija de la leyenda del surf Carlos Cabrero. Ella es una joven de 23 a\u00f1os. Es la atleta con mejores resultados internacionales y de mayor calibre a nivel profesional de la Isla, seg\u00fan Mart\u00ednez. \u201cSe ha medido contra todas estas atletas y tiene el apoyo del Comit\u00e9 Ol\u00edmpico para lograr esta clasificaci\u00f3n ol\u00edmpica\u201d, asegur\u00f3 Mart\u00ednez.<\/p>\n<p>Mientras, M\u00eda Calder\u00f3n es una joven de 20 a\u00f1os y la actual campeona nacional, tras haber ganado el Circuito Nacional de surfing en 2023. \u201cEs una joven muy dedicada. Una puertorrique\u00f1a que ama mucho a su patria y tiene muchas ganas de representar a su pa\u00eds en este evento\u201d, afirm\u00f3 el ejecutivo.<\/p>\n<p>Y Jolari Carreras ha demostrado ser la atleta m\u00e1s dedicada gracias a su r\u00e9gimen de entrenamiento estricto y debido a que practica todos los d\u00edas, seg\u00fan Mart\u00ednez. \u201cEs el \u2018dark horse\u2019, porque pocos conocen de ella, pero va a sorprender a muchos\u201d, manifest\u00f3 el presidente.<\/p>\n<p>Lograr la calificaci\u00f3n para los Juegos Ol\u00edmpicos Par\u00eds 2024 es muy importante en el deporte del surf en Puerto Rico. Esto debido a que abrir\u00eda las puertas a los atletas del momento y al desarrollo del surf ya que podr\u00e1n recibir mayor apoyo tanto del Comit\u00e9 Ol\u00edmpico como de la industria privada, seg\u00fan Mart\u00ednez.<\/p>\n<p>\u201cTenemos un talento incre\u00edble, como igual tenemos grandes cantantes, autores, pintores, peloteros, voleibolistas, tambi\u00e9n tenemos grandes surfistas en Puerto Rico.\u201d<\/p>\n<p>De los 24 hombres y mujeres, respectivamente, que competir\u00e1n en Par\u00eds 2024, solo quedan seis cupos para los hombres y ocho para las mujeres. Cada uno de los Comit\u00e9s Ol\u00edmpicos Nacionales (CON) de los respectivos pa\u00edses pueden llevar a dos hombres y mujeres. No obstante, el CON que tenga mayores puntos en sus respectivos g\u00e9neros podr\u00e1 sumar a un surfista adicional para Par\u00eds 2024.<\/p>\n<p>Anteriormente, Puerto Rico hab\u00eda sido sede de varios eventos de la Asociaci\u00f3n Internacional de Surf (ISA) en el pasado, incluidos los Campeonatos Mundiales de Surf ISA de 1966 y 1988 y, m\u00e1s recientemente, el Campeonato Mundial de SUP y Paddleboard ISA de 2022.<\/p>\n<p>El evento comenzar\u00e1 hoy con la ceremonia de apertura y desfile de las naciones. Del s\u00e1bado 24 de febrero al domingo 3 de marzo se realizar\u00e1n las competiciones y el \u00faltimo d\u00eda se har\u00e1 la ceremonia de premiaci\u00f3n.<\/p>","protected":false},"excerpt":{"rendered":"<p>Los ISA World Surfing Games 2024 se realizar\u00e1n en las olas de La Marginal en Arecibo desde hoy. La Federaci\u00f3n de Surfing de Puerto Rico tiene altas expectativas para el clasificatorio ol\u00edmpico que comienza hoy en Arecibo, donde los boricuas tendr\u00e1n la \u00faltima oportunidad para ocupar un puesto en Par\u00eds 2024. Los ISA World Surfing [&hellip;]<\/p>","protected":false},"author":0,"featured_media":239778,"comment_status":"closed","ping_status":"closed","sticky":false,"template":"","format":"standard","meta":{"_acf_changed":false,"_monsterinsights_skip_tracking":false,"ep_exclude_from_search":false,"footnotes":""},"categories":[31],"tags":[],"class_list":["post-202793","post","type-post","status-publish","format-standard","has-post-thumbnail","hentry","category-deportes"],"acf":[],"aioseo_notices":[],"_links":{"self":[{"href":"https:\/\/noticel.com\/en\/wp-json\/wp\/v2\/posts\/202793","targetHints":{"allow":["GET"]}}],"collection":[{"href":"https:\/\/noticel.com\/en\/wp-json\/wp\/v2\/posts"}],"about":[{"href":"https:\/\/noticel.com\/en\/wp-json\/wp\/v2\/types\/post"}],"replies":[{"embeddable":true,"href":"https:\/\/noticel.com\/en\/wp-json\/wp\/v2\/comments?post=202793"}],"version-history":[{"count":1,"href":"https:\/\/noticel.com\/en\/wp-json\/wp\/v2\/posts\/202793\/revisions"}],"predecessor-version":[{"id":239779,"href":"https:\/\/noticel.com\/en\/wp-json\/wp\/v2\/posts\/202793\/revisions\/239779"}],"wp:featuredmedia":[{"embeddable":true,"href":"https:\/\/noticel.com\/en\/wp-json\/wp\/v2\/media\/239778"}],"wp:attachment":[{"href":"https:\/\/noticel.com\/en\/wp-json\/wp\/v2\/media?parent=202793"}],"wp:term":[{"taxonomy":"category","embeddable":true,"href":"https:\/\/noticel.com\/en\/wp-json\/wp\/v2\/categories?post=202793"},{"taxonomy":"post_tag","embeddable":true,"href":"https:\/\/noticel.com\/en\/wp-json\/wp\/v2\/tags?post=202793"}],"curies":[{"name":"wp","href":"https:\/\/api.w.org\/{rel}","templated":true}]}}