{"id":201235,"date":"2024-01-07T13:00:17","date_gmt":"2024-01-07T17:00:17","guid":{"rendered":"https:\/\/www.noticel.com\/elecciones\/top-stories\/20240107\/reaparece-ricardo-rossello-en-radicacion-de-candidatura-de-william-villafane\/"},"modified":"2025-07-11T22:35:40","modified_gmt":"2025-07-11T22:35:40","slug":"reaparece-ricardo-rossello-en-radicacion-de-candidatura-de-william-villafane","status":"publish","type":"post","link":"https:\/\/noticel.com\/en\/noticias\/politica\/elecciones\/elecciones-2024\/20240107\/reaparece-ricardo-rossello-en-radicacion-de-candidatura-de-william-villafane\/","title":{"rendered":"Reaparece Ricardo Rossell\u00f3 en radicaci\u00f3n de candidatura de William Villafa\u00f1e"},"content":{"rendered":"<h3>Ambos presentaron el conversatorio titulado &#8216;Vamos por la Igualdad&#8217;<\/h3>\n<p>Hoy domingo uno de los aspirantes a la comisar\u00eda residente por el Partido Nuevo Progresista (PNP), William Villafa\u00f1e, se une en un conversatorio junto al exgobernador Ricardo Rossell\u00f3.<\/p>\n<p>En \u00e9l anunciaron, discutir\u00e1n \u00abasuntos medulares para Puerto Rico Washington\u00bb.<\/p><div class=\"notic-content-middle\" id=\"notic-361115823\"><div class=\"notic-adlabel\">Advertisements<\/div><a data-no-instant=\"1\" href=\"https:\/\/qrco.de\/bgxd5v\" rel=\"noopener\" class=\"a2t-link\" target=\"_blank\" aria-label=\"DisplayAd-970&#215;903\"><img loading=\"lazy\" decoding=\"async\" src=\"https:\/\/cdn.noticel.com\/2026\/09\/02200307\/DisplayAd-970x903-1.jpg\" alt=\"\"  srcset=\"https:\/\/cdn.noticel.com\/2026\/09\/02200307\/DisplayAd-970x903-1.jpg 970w, https:\/\/cdn.noticel.com\/2026\/09\/02200307\/DisplayAd-970x903-1-300x28.jpg 300w, https:\/\/cdn.noticel.com\/2026\/09\/02200307\/DisplayAd-970x903-1-768x71.jpg 768w, https:\/\/cdn.noticel.com\/2026\/09\/02200307\/DisplayAd-970x903-1-18x2.jpg 18w\" sizes=\"(max-width: 970px) 100vw, 970px\" width=\"970\" height=\"90\"   \/><\/a><\/div>\n<p><strong id=\"strong-9317e2578ec3f2afb19437aff289ea84\">****Esta noticia se ampliar\u00e1 en breve. <\/strong><\/p>\n<p><iframe loading=\"lazy\" src=\"https:\/\/www.facebook.com\/plugins\/video.php?height=314&#038;href=https%3A%2F%2Fwww.facebook.com%2Fnoticelpr%2Fvideos%2F359939253309900%2F&#038;show_text=true&#038;width=560&#038;t=0\" width=\"560\" height=\"429\" style=\"border:none;overflow:hidden\" scrolling=\"no\" frameborder=\"0\" allowfullscreen=\"true\" allow=\"autoplay; clipboard-write; encrypted-media; picture-in-picture; web-share\"><\/iframe><\/p>","protected":false},"excerpt":{"rendered":"<p>Ambos presentaron el conversatorio titulado &#8216;Vamos por la Igualdad&#8217; Hoy domingo uno de los aspirantes a la comisar\u00eda residente por el Partido Nuevo Progresista (PNP), William Villafa\u00f1e, se une en un conversatorio junto al exgobernador Ricardo Rossell\u00f3. En \u00e9l anunciaron, discutir\u00e1n \u00abasuntos medulares para Puerto Rico Washington\u00bb. ****Esta noticia se ampliar\u00e1 en breve.<\/p>","protected":false},"author":0,"featured_media":243042,"comment_status":"closed","ping_status":"closed","sticky":false,"template":"","format":"standard","meta":{"_acf_changed":false,"_monsterinsights_skip_tracking":false,"ep_exclude_from_search":false,"footnotes":""},"categories":[9],"tags":[],"class_list":["post-201235","post","type-post","status-publish","format-standard","has-post-thumbnail","hentry","category-elecciones-2024"],"acf":[],"aioseo_notices":[],"_links":{"self":[{"href":"https:\/\/noticel.com\/en\/wp-json\/wp\/v2\/posts\/201235","targetHints":{"allow":["GET"]}}],"collection":[{"href":"https:\/\/noticel.com\/en\/wp-json\/wp\/v2\/posts"}],"about":[{"href":"https:\/\/noticel.com\/en\/wp-json\/wp\/v2\/types\/post"}],"replies":[{"embeddable":true,"href":"https:\/\/noticel.com\/en\/wp-json\/wp\/v2\/comments?post=201235"}],"version-history":[{"count":1,"href":"https:\/\/noticel.com\/en\/wp-json\/wp\/v2\/posts\/201235\/revisions"}],"predecessor-version":[{"id":243043,"href":"https:\/\/noticel.com\/en\/wp-json\/wp\/v2\/posts\/201235\/revisions\/243043"}],"wp:featuredmedia":[{"embeddable":true,"href":"https:\/\/noticel.com\/en\/wp-json\/wp\/v2\/media\/243042"}],"wp:attachment":[{"href":"https:\/\/noticel.com\/en\/wp-json\/wp\/v2\/media?parent=201235"}],"wp:term":[{"taxonomy":"category","embeddable":true,"href":"https:\/\/noticel.com\/en\/wp-json\/wp\/v2\/categories?post=201235"},{"taxonomy":"post_tag","embeddable":true,"href":"https:\/\/noticel.com\/en\/wp-json\/wp\/v2\/tags?post=201235"}],"curies":[{"name":"wp","href":"https:\/\/api.w.org\/{rel}","templated":true}]}}