{"id":200136,"date":"2023-11-29T20:36:18","date_gmt":"2023-11-30T00:36:18","guid":{"rendered":"https:\/\/www.noticel.com\/mundo\/top-stories\/20231129\/israel-excarcela-a-30-mujeres-y-ninos-palestinos-tras-la-liberacion-de-16-rehenes-de-hamas\/"},"modified":"2025-07-11T23:51:50","modified_gmt":"2025-07-11T23:51:50","slug":"israel-excarcela-a-30-mujeres-y-ninos-palestinos-tras-la-liberacion-de-16-rehenes-de-hamas","status":"publish","type":"post","link":"https:\/\/noticel.com\/en\/noticias\/mundo\/20231129\/israel-excarcela-a-30-mujeres-y-ninos-palestinos-tras-la-liberacion-de-16-rehenes-de-hamas\/","title":{"rendered":"Israel excarcela a 30 mujeres y ni\u00f1os palestinos, tras la liberaci\u00f3n de 16 rehenes de Ham\u00e1s"},"content":{"rendered":"<h3>El Servicio de Prisiones de Israel confirm\u00f3 la excarcelaci\u00f3n de 30 presos palestinos que fueron liberados en la prisi\u00f3n de Ofer, el centro de detenci\u00f3n de Jerusal\u00e9n, la c\u00e1rcel de Ayalon y la de Dam\u00f3n.<\/h3>\n<p>JERUSALEM &#8211; Israel liber\u00f3 pasada la medianoche a 15 mujeres y 15 ni\u00f1os encarcelados en prisiones israel\u00edes tras la liberaci\u00f3n por parte del grupo islamista Ham\u00e1s de 16 rehenes cautivos en Gaza, en el sexto d\u00eda del acuerdo de intercambio de rehenes por presos en paralelo a un alto el fuego temporal.<\/p>\n<p>El Servicio de Prisiones de Israel confirm\u00f3 la excarcelaci\u00f3n de 30 presos palestinos que fueron liberados en la prisi\u00f3n de Ofer, el centro de detenci\u00f3n de Jerusal\u00e9n, la c\u00e1rcel de Ayalon y la de Dam\u00f3n.<\/p>\n<p>\u00abEl Servicio de Prisiones concluye la sexta ronda de prisioneros en el marco de la operaci\u00f3n para devolver a los secuestrados a sus hogares\u00bb, anunci\u00f3 un portavoz del organismo en un comunicado.<\/p>\n<p>El organismo \u00abcontinuar\u00e1 en la medida de lo necesario con el plan\u00bb y \u00abtrabaja en plena cooperaci\u00f3n con todas las fuerzas de seguridad para llevar a cabo la operaci\u00f3n con profesionalidad\u00bb, agreg\u00f3.<\/p>\n<p>Desde el pasado viernes se liberaron a 210 presos palestinos de las c\u00e1rceles, todos mujeres y ni\u00f1os, como parte del pacto de canje por rehenes israel\u00edes cautivos en Gaza por las milicias palestinas.<\/p><div class=\"notic-content-middle\" id=\"notic-3348725009\"><div class=\"notic-adlabel\">Advertisements<\/div><a data-no-instant=\"1\" href=\"https:\/\/www.asegurate-bien.com\/\" rel=\"noopener\" class=\"a2t-link\" target=\"_blank\" aria-label=\"Acodese-Adaptaciones-Noticel-300&#215;600\"><img loading=\"lazy\" decoding=\"async\" src=\"https:\/\/cdn.noticel.com\/2026\/05\/30094652\/Acodese-Adaptaciones-Noticel-300x600-1.jpg\" alt=\"\"  srcset=\"https:\/\/cdn.noticel.com\/2026\/05\/30094652\/Acodese-Adaptaciones-Noticel-300x600-1.jpg 300w, https:\/\/cdn.noticel.com\/2026\/05\/30094652\/Acodese-Adaptaciones-Noticel-300x600-1-150x300.jpg 150w, https:\/\/cdn.noticel.com\/2026\/05\/30094652\/Acodese-Adaptaciones-Noticel-300x600-1-6x12.jpg 6w\" sizes=\"(max-width: 300px) 100vw, 300px\" width=\"300\" height=\"600\"   \/><\/a><\/div>\n<p>En total, se han liberado ya un total de 97 cautivos en Gaza, entre ellos 73 israel\u00edes y 24 extranjeros, elemento clave del alto el fuego temporal que dur\u00f3 seis d\u00edas y que Catar, principal mediador entre Israel y Ham\u00e1s, busca extender por m\u00e1s d\u00edas junto con el apoyo de Egipto y Estados Unidos.<\/p>\n<p>Justo hoy jueves llega a Israel el secretario de Estado de EE.UU., Antony Blinken, que abordar\u00e1 una posible ampliaci\u00f3n de la tregua para conseguir la liberaci\u00f3n de m\u00e1s rehenes que siguen en Gaza.<\/p>\n<p>Se cree que en la Franja a\u00fan hay unos 145 cautivos, y la propuesta para una extensi\u00f3n de la tregua implicar\u00eda la liberaci\u00f3n adicional a nivel diario de 10 personas m\u00e1s. De mientras, se mantendr\u00eda el alto el fuego por varias jornadas m\u00e1s.<\/p>\n<p>Seg\u00fan el Departamento de Estado, Blinken \u00abdiscutir\u00e1 el derecho de Israel a defenderse\u00bb, y \u00ablos esfuerzos continuos para asegurar la liberaci\u00f3n de los rehenes restantes, proteger la vida civil durante las operaciones de Israel en Gaza y acelerar la asistencia humanitaria a los civiles\u00bb de la Franja.<\/p>\n<p>No est\u00e1 claro cu\u00e1l es el plazo final oficial de la tregua que empez\u00f3 el pasado viernes, ya que no se trascendi\u00f3 una hora formal.<\/p>","protected":false},"excerpt":{"rendered":"<p>El Servicio de Prisiones de Israel confirm\u00f3 la excarcelaci\u00f3n de 30 presos palestinos que fueron liberados en la prisi\u00f3n de Ofer, el centro de detenci\u00f3n de Jerusal\u00e9n, la c\u00e1rcel de Ayalon y la de Dam\u00f3n. JERUSALEM &#8211; Israel liber\u00f3 pasada la medianoche a 15 mujeres y 15 ni\u00f1os encarcelados en prisiones israel\u00edes tras la liberaci\u00f3n [&hellip;]<\/p>","protected":false},"author":0,"featured_media":245372,"comment_status":"closed","ping_status":"closed","sticky":false,"template":"","format":"standard","meta":{"_acf_changed":false,"_monsterinsights_skip_tracking":false,"ep_exclude_from_search":false,"footnotes":""},"categories":[17],"tags":[],"class_list":["post-200136","post","type-post","status-publish","format-standard","has-post-thumbnail","hentry","category-mundo"],"acf":[],"aioseo_notices":[],"_links":{"self":[{"href":"https:\/\/noticel.com\/en\/wp-json\/wp\/v2\/posts\/200136","targetHints":{"allow":["GET"]}}],"collection":[{"href":"https:\/\/noticel.com\/en\/wp-json\/wp\/v2\/posts"}],"about":[{"href":"https:\/\/noticel.com\/en\/wp-json\/wp\/v2\/types\/post"}],"replies":[{"embeddable":true,"href":"https:\/\/noticel.com\/en\/wp-json\/wp\/v2\/comments?post=200136"}],"version-history":[{"count":1,"href":"https:\/\/noticel.com\/en\/wp-json\/wp\/v2\/posts\/200136\/revisions"}],"predecessor-version":[{"id":245373,"href":"https:\/\/noticel.com\/en\/wp-json\/wp\/v2\/posts\/200136\/revisions\/245373"}],"wp:featuredmedia":[{"embeddable":true,"href":"https:\/\/noticel.com\/en\/wp-json\/wp\/v2\/media\/245372"}],"wp:attachment":[{"href":"https:\/\/noticel.com\/en\/wp-json\/wp\/v2\/media?parent=200136"}],"wp:term":[{"taxonomy":"category","embeddable":true,"href":"https:\/\/noticel.com\/en\/wp-json\/wp\/v2\/categories?post=200136"},{"taxonomy":"post_tag","embeddable":true,"href":"https:\/\/noticel.com\/en\/wp-json\/wp\/v2\/tags?post=200136"}],"curies":[{"name":"wp","href":"https:\/\/api.w.org\/{rel}","templated":true}]}}