{"id":199841,"date":"2023-11-20T15:07:43","date_gmt":"2023-11-20T19:07:43","guid":{"rendered":"https:\/\/www.noticel.com\/la-calle\/policiacas\/20231120\/asesinan-a-hombre-dentro-de-una-guagua-en-el-ponce-by-pass\/"},"modified":"2025-07-12T00:11:13","modified_gmt":"2025-07-12T00:11:13","slug":"asesinan-a-hombre-dentro-de-una-guagua-en-el-ponce-by-pass","status":"publish","type":"post","link":"https:\/\/noticel.com\/en\/noticias\/la-calle\/20231120\/asesinan-a-hombre-dentro-de-una-guagua-en-el-ponce-by-pass\/","title":{"rendered":"Asesinan a hombre dentro de una guagua en el Ponce By-Pass"},"content":{"rendered":"<h3>El hombre, cuya identidad a\u00fan no ha sido confirmada, falleci\u00f3 en el lugar debido a las heridas recibidas.<\/h3>\n<p>PONCE \u2013 La Polic\u00eda inform\u00f3 el lunes que investiga una muerte violenta ocurrida a las 12:57 de la tarde en el Ponce By-Pass (PR-2), intersecci\u00f3n Avenida Eduardo Rubert\u00e9, en el sector P\u00e1mpanos de Ponce.<\/p>\n<p>Seg\u00fan informaron las autoridades, se recibi\u00f3 una llamada al Sistema de Emergencias 9-1-1 que alert\u00f3 sobre disparos en la zona.<\/p>\n<p>Al llegar al lugar, los agentes de la Divisi\u00f3n de Homicidios de Ponce encontraron encontraron el cuerpo baleado de  WilFred Garc\u00eda Rivera, de 47 a\u00f1os.<\/p><div class=\"notic-content-middle\" id=\"notic-4029046133\"><div class=\"notic-adlabel\">Advertisements<\/div><a data-no-instant=\"1\" href=\"https:\/\/www.asegurate-bien.com\/\" rel=\"noopener\" class=\"a2t-link\" target=\"_blank\" aria-label=\"Acodese-Adaptaciones-Noticel-300&#215;600\"><img loading=\"lazy\" decoding=\"async\" src=\"https:\/\/cdn.noticel.com\/2026\/05\/30094652\/Acodese-Adaptaciones-Noticel-300x600-1.jpg\" alt=\"\"  srcset=\"https:\/\/cdn.noticel.com\/2026\/05\/30094652\/Acodese-Adaptaciones-Noticel-300x600-1.jpg 300w, https:\/\/cdn.noticel.com\/2026\/05\/30094652\/Acodese-Adaptaciones-Noticel-300x600-1-150x300.jpg 150w, https:\/\/cdn.noticel.com\/2026\/05\/30094652\/Acodese-Adaptaciones-Noticel-300x600-1-6x12.jpg 6w\" sizes=\"(max-width: 300px) 100vw, 300px\" width=\"300\" height=\"600\"   \/><\/a><\/div>\n<p>Seg\u00fan detalla el parte polic\u00edaco, agentes especializados de la Divisi\u00f3n de Homicidios, en conjunto con el fiscal de turno, est\u00e1n llevando a cabo la investigaci\u00f3n para esclarecer los hechos y determinar las circunstancias del asesinato.<\/p>\n<p>Agentes de la Divisi\u00f3n de Homicidios y  el fiscal Jorge Mart\u00ednez, investigan.<\/p>","protected":false},"excerpt":{"rendered":"<p>El hombre, cuya identidad a\u00fan no ha sido confirmada, falleci\u00f3 en el lugar debido a las heridas recibidas. PONCE \u2013 La Polic\u00eda inform\u00f3 el lunes que investiga una muerte violenta ocurrida a las 12:57 de la tarde en el Ponce By-Pass (PR-2), intersecci\u00f3n Avenida Eduardo Rubert\u00e9, en el sector P\u00e1mpanos de Ponce. Seg\u00fan informaron las [&hellip;]<\/p>","protected":false},"author":0,"featured_media":245965,"comment_status":"closed","ping_status":"closed","sticky":false,"template":"","format":"standard","meta":{"_acf_changed":false,"_monsterinsights_skip_tracking":false,"ep_exclude_from_search":false,"footnotes":""},"categories":[12,15],"tags":[],"class_list":["post-199841","post","type-post","status-publish","format-standard","has-post-thumbnail","hentry","category-la-calle","category-policiacas"],"acf":[],"aioseo_notices":[],"_links":{"self":[{"href":"https:\/\/noticel.com\/en\/wp-json\/wp\/v2\/posts\/199841","targetHints":{"allow":["GET"]}}],"collection":[{"href":"https:\/\/noticel.com\/en\/wp-json\/wp\/v2\/posts"}],"about":[{"href":"https:\/\/noticel.com\/en\/wp-json\/wp\/v2\/types\/post"}],"replies":[{"embeddable":true,"href":"https:\/\/noticel.com\/en\/wp-json\/wp\/v2\/comments?post=199841"}],"version-history":[{"count":1,"href":"https:\/\/noticel.com\/en\/wp-json\/wp\/v2\/posts\/199841\/revisions"}],"predecessor-version":[{"id":245966,"href":"https:\/\/noticel.com\/en\/wp-json\/wp\/v2\/posts\/199841\/revisions\/245966"}],"wp:featuredmedia":[{"embeddable":true,"href":"https:\/\/noticel.com\/en\/wp-json\/wp\/v2\/media\/245965"}],"wp:attachment":[{"href":"https:\/\/noticel.com\/en\/wp-json\/wp\/v2\/media?parent=199841"}],"wp:term":[{"taxonomy":"category","embeddable":true,"href":"https:\/\/noticel.com\/en\/wp-json\/wp\/v2\/categories?post=199841"},{"taxonomy":"post_tag","embeddable":true,"href":"https:\/\/noticel.com\/en\/wp-json\/wp\/v2\/tags?post=199841"}],"curies":[{"name":"wp","href":"https:\/\/api.w.org\/{rel}","templated":true}]}}