{"id":19900,"date":"2018-05-09T00:00:00","date_gmt":"2018-05-09T04:00:00","guid":{"rendered":"http:\/\/www.noticel.com\/ahora\/educacion\/top-stories\/tribunales\/20180509\/tribunal-obliga-a-padres-a-abrir-escuela-en-salinas\/"},"modified":"2025-07-16T14:37:20","modified_gmt":"2025-07-16T14:37:20","slug":"tribunal-obliga-a-padres-a-abrir-escuela-en-salinas","status":"publish","type":"post","link":"https:\/\/noticel.com\/en\/ultima-hora\/20180509\/tribunal-obliga-a-padres-a-abrir-escuela-en-salinas\/","title":{"rendered":"Tribunal obliga a padres a abrir escuela en Salinas"},"content":{"rendered":"<p><i>Tras demanda de Educaci\u00f3n<\/i><\/p>\n<p>El Tribunal de Primera Instancia en Guayama concedi\u00f3 una solicitud emitida por el Departamento de Educaci\u00f3n (DE) para reabrir los portones de la Escuela Pedro Soto en Salinas.<\/p>\n<p>La escuela hab\u00eda sido cerrada por parte de padres de la comunidad escolar imposibilitando la entrada a otras personas.<\/p>\n<p>A traves del documento se le ordena un cesa y desista inmediatamente del bloqueo y cierre que obstaculiza la entrada de maestros, estudiantes y padres al plantel.<\/p><div class=\"notic-content-middle\" id=\"notic-214942216\"><div class=\"notic-adlabel\">Advertisements<\/div><a data-no-instant=\"1\" href=\"https:\/\/www.cst.pr.gov\/\" rel=\"noopener\" class=\"a2t-link\" target=\"_blank\" aria-label=\"300&#215;600\"><img loading=\"lazy\" decoding=\"async\" src=\"https:\/\/cdn.noticel.com\/2026\/09\/02203205\/300x600-1.jpg\" alt=\"\"  srcset=\"https:\/\/cdn.noticel.com\/2026\/09\/02203205\/300x600-1.jpg 300w, https:\/\/cdn.noticel.com\/2026\/09\/02203205\/300x600-1-150x300.jpg 150w, https:\/\/cdn.noticel.com\/2026\/09\/02203205\/300x600-1-6x12.jpg 6w\" sizes=\"(max-width: 300px) 100vw, 300px\" width=\"300\" height=\"600\"   \/><\/a><\/div>\n<p>Seg\u00fan dicta la orden, la escuela tiene que abrir sus puertas ma\u00f1ana, jueves, 10 de mayo.<\/p>\n<p>&#8216;Entiendo que la forma de trabajar en beneficio de los ni\u00f1os y ni\u00f1as de Puerto Rico es colaborando y tratando de entender y aceptar todas las circunstancias que nos limitan a contar con otras opciones que pudieran ser mejores para muchos&#8217;, dijo la secretaria de Educaci\u00f3n, Julia Keleher, en un comunicado.<\/p>\n<p>&#8216;Es lamentable que tengamos que recurrir a estos mecanismos, que nunca ser\u00e1n mi primera opci\u00f3n, para lograr abrir una escuela y as\u00ed los ni\u00f1os no contin\u00faen perdiendo tiempo lectivo, elemento tan importante siempre y, sobre todo, luego del paso de los dos huracanes que nos azotaron el a\u00f1o pasado. Aunque logramos abrir la escuela, al final, los ni\u00f1os terminaron perjudicados por perder clases. Por esto, insto al di\u00e1logo, al respeto, al entendimiento y a la raz\u00f3n siempre&#8217;, agreg\u00f3.<\/p>\n<p>Puede ver una copia del documento <a href=\"https:\/\/media.noticel.com\/o2com-noti-media-us-east-1\/document_dev\/2018\/05\/09\/injuction%20ESCUELA%20pedro%20soto_1525903752970_11425793_ver1.0.pdf\" target=\"_blank\">aqu\u00ed<\/a>:<\/p>\n<p><img decoding=\"async\" embed-content-articleid=\"740197590\" embed-content-groupid=\"593030471\" embed-content-id=\"740197590\" embed-content-imgalign=\"none\" embed-content-index=\"0\" embed-content-location=\"input_story-body\" embed-content-type=\"FILE\" height=\"240px\" src=\"\/amino-v1-theme\/images\/placeholder\/placeholder-16x9.jpg\" style=\"width:100%;\" width=\"360px\"\/><\/p>","protected":false},"excerpt":{"rendered":"<p>Tras demanda de Educaci\u00f3n El Tribunal de Primera Instancia en Guayama concedi\u00f3 una solicitud emitida por el Departamento de Educaci\u00f3n (DE) para reabrir los portones de la Escuela Pedro Soto en Salinas. La escuela hab\u00eda sido cerrada por parte de padres de la comunidad escolar imposibilitando la entrada a otras personas. A traves del documento [&hellip;]<\/p>","protected":false},"author":0,"featured_media":450219,"comment_status":"closed","ping_status":"closed","sticky":false,"template":"","format":"standard","meta":{"_acf_changed":false,"_monsterinsights_skip_tracking":false,"ep_exclude_from_search":false,"footnotes":""},"categories":[13,2],"tags":[],"class_list":["post-19900","post","type-post","status-publish","format-standard","has-post-thumbnail","hentry","category-tribunales","category-ultima-hora"],"acf":[],"aioseo_notices":[],"_links":{"self":[{"href":"https:\/\/noticel.com\/en\/wp-json\/wp\/v2\/posts\/19900","targetHints":{"allow":["GET"]}}],"collection":[{"href":"https:\/\/noticel.com\/en\/wp-json\/wp\/v2\/posts"}],"about":[{"href":"https:\/\/noticel.com\/en\/wp-json\/wp\/v2\/types\/post"}],"replies":[{"embeddable":true,"href":"https:\/\/noticel.com\/en\/wp-json\/wp\/v2\/comments?post=19900"}],"version-history":[{"count":1,"href":"https:\/\/noticel.com\/en\/wp-json\/wp\/v2\/posts\/19900\/revisions"}],"predecessor-version":[{"id":450222,"href":"https:\/\/noticel.com\/en\/wp-json\/wp\/v2\/posts\/19900\/revisions\/450222"}],"wp:featuredmedia":[{"embeddable":true,"href":"https:\/\/noticel.com\/en\/wp-json\/wp\/v2\/media\/450219"}],"wp:attachment":[{"href":"https:\/\/noticel.com\/en\/wp-json\/wp\/v2\/media?parent=19900"}],"wp:term":[{"taxonomy":"category","embeddable":true,"href":"https:\/\/noticel.com\/en\/wp-json\/wp\/v2\/categories?post=19900"},{"taxonomy":"post_tag","embeddable":true,"href":"https:\/\/noticel.com\/en\/wp-json\/wp\/v2\/tags?post=19900"}],"curies":[{"name":"wp","href":"https:\/\/api.w.org\/{rel}","templated":true}]}}