{"id":19882,"date":"2018-09-26T00:00:00","date_gmt":"2018-09-26T04:00:00","guid":{"rendered":"http:\/\/www.noticel.com\/ahora\/top-stories\/tribunales\/20180926\/testifica-doctora-que-atendio-a-aurea-vazquez-tras-el-asesinato-de-su-espos\/"},"modified":"2025-07-16T14:40:14","modified_gmt":"2025-07-16T14:40:14","slug":"testifica-doctora-que-atendio-a-aurea-vazquez-tras-el-asesinato-de-su-espos","status":"publish","type":"post","link":"https:\/\/noticel.com\/en\/ultima-hora\/20180926\/testifica-doctora-que-atendio-a-aurea-vazquez-tras-el-asesinato-de-su-espos\/","title":{"rendered":"Testifica doctora que atendi\u00f3 a \u00c1urea V\u00e1zquez tras el asesinato de su espos"},"content":{"rendered":"<p>El 14 de octubre de 2005, \u00c1urea V\u00e1zquez Rijos, lleg\u00f3 hasta el Hospital Auxilio Mutuo en Hato Rey, utilizando andador, con hematomas en el rostro y dificultad para caminar, pero alerta y orientada.<\/p>\n<p>As\u00ed se desprende del informe medico de la doctora Beatriz Del Valle Negr\u00f3n, quien atendi\u00f3 a la hoy acusada de conspirar para el asesinato de su entonces esposo canadiense Adam Anhang, exactamente 22 d\u00edas despues del brutal ataque.<\/p>\n<p>Del Valle Negr\u00f3n se sent\u00f3 ante el panel del jurado como testigo de la defensa y ofreci\u00f3 escasos detalles de la condici\u00f3n de la acusada a su llegada al hospital. Sin embargo, desde un principio estableci\u00f3 que no recordaba detalles exactos del momento en que atendi\u00f3 a \u00c1urea y que se deb\u00eda suscribir a la copia del expediente medico que ten\u00eda consigo.<\/p>\n<p>&#8216;La paciente lleg\u00f3 alerta, orientada, ten\u00eda todav\u00eda signos de equimosis en el \u00e1rea de la cara\u2026 Equimosis es el \u00e1rea que se queda ennegrecida despues de un golpe donde la sangre todav\u00eda est\u00e1 presente en el \u00e1rea (hematoma)\u2026&#8217;, dijo la testigo, despues de que el juez federal Daniel Dom\u00ednguez le solicitara que detallara a que se refer\u00eda con la palabra.<\/p>\n<p>Del Valle manifest\u00f3 que \u00c1urea &#8216;lleg\u00f3 a la oficina medica para recibir tratamiento, luego de un trauma en la cabeza&#8217;. Despues de que se le realizaran los ex\u00e1menes medicos de rigor, dijo, se le brind\u00f3 un plan de tratamiento para terapia f\u00edsica.<\/p>\n<p>&#8216;Estaba en varios medicamentos, entre ellos Dilantin (anti convulsivo), Cleocin (antibi\u00f3tico), Zantac y Ultracet (analgesico para el dolor) y no recuerdo m\u00e1s ninguno&#8217;, se\u00f1al\u00f3.<\/p>\n<p>&#8216;Ten\u00eda dolor en el \u00e1rea alta de su espalda, estaba caminando con dificultad y lleg\u00f3 con un andador, ten\u00eda disminuci\u00f3n de la fuerza en las extremidades del lado derecho y hab\u00eda un poco de aumento en el tono muscular\u2026 Que cuando se le pide que mueva las articulaciones y las extremidades, uno siente un poco de dificultad para hacer el movimiento porque est\u00e1 m\u00e1s r\u00edgida la articulaci\u00f3n&#8217;, detall\u00f3.<\/p><div class=\"notic-content-middle\" id=\"notic-122681436\"><div class=\"notic-adlabel\">Advertisements<\/div><a data-no-instant=\"1\" href=\"https:\/\/qrco.de\/bgxd5v\" rel=\"noopener\" class=\"a2t-link\" target=\"_blank\" aria-label=\"300X600-SEBUSCA\"><img loading=\"lazy\" decoding=\"async\" src=\"https:\/\/cdn.noticel.com\/2026\/09\/02194007\/300X600-SEBUSCA.jpg\" alt=\"\"  srcset=\"https:\/\/cdn.noticel.com\/2026\/09\/02194007\/300X600-SEBUSCA.jpg 300w, https:\/\/cdn.noticel.com\/2026\/09\/02194007\/300X600-SEBUSCA-150x300.jpg 150w, https:\/\/cdn.noticel.com\/2026\/09\/02194007\/300X600-SEBUSCA-6x12.jpg 6w\" sizes=\"(max-width: 300px) 100vw, 300px\" width=\"300\" height=\"600\"   \/><\/a><\/div>\n<p>Del Valle Negr\u00f3n apunt\u00f3 que ese d\u00eda se le dio una orden de terapia f\u00edsica con 10 sesiones, m\u00e1s un referido al neur\u00f3logo y al psiquiatra.<\/p>\n<p>A preguntas del fiscal Jose Ruiz, la doctora se\u00f1al\u00f3 que \u00c1urea no requiri\u00f3 m\u00e1s de sus servicios a partir de ese d\u00eda, y que solo regres\u00f3 el 26 de octubre para buscar unas \u00f3rdenes medicas. Ruiz indag\u00f3 sobre la hospitalizaci\u00f3n de \u00c1urea y la medico respondi\u00f3 que solo ten\u00eda conocimiento de que hab\u00eda estado recluida en el Centro Medico de R\u00edo Piedras, y que hab\u00eda sido dada de alta el 6 de octubre de 2005, 14 d\u00edas despues de la fat\u00eddica noche en la que su esposo fue asesinado. Asegur\u00f3, adem\u00e1s, que \u00c1urea hab\u00eda llegado a recibir sus servicios cuando solo ten\u00eda un trauma en la cabeza.<\/p>\n<p>&#8216;\u00bfEn alg\u00fan momento le dijo que adem\u00e1s del trauma en la cabeza recibi\u00f3 golpes en el cuerpo?&#8217;, insisti\u00f3 Ruiz.<\/p>\n<p>&#8216;En ning\u00fan momento&#8217;, respondi\u00f3 la testigo.<\/p>\n<p>Previo al interrogatorio a este testigo, el juez Dom\u00ednguez inform\u00f3 su decisi\u00f3n relacionada a las mociones que solicit\u00f3 en la tarde de ayer a ambas partes, para decidir si se aceptar\u00eda a Jose Ferrer Col\u00f3n, padre de uno de los acusados, como testigo de la defensa. El juez determin\u00f3 que permitir\u00e1 que el testigo se presente en corte, pero durante su contra interrogatorio, la Fiscal\u00eda alertar\u00e1 a los miembros del jurado que este estuvo presente en sala durante casi todo el juicio.<\/p>\n<p>El desacuerdo de la Fiscal\u00eda con permitir al testigo inici\u00f3 ayer cuando se percataron de que Ferrer Col\u00f3n hab\u00eda estado en sala alrededor de 13 d\u00edas y hab\u00eda estado en contacto con toda la evidencia.<\/p>\n<p>El abogado Ovidio Zayas, quien representa a uno de los acusados de conspiraci\u00f3n, Jose Ferrer, quiso traer al testigo para validar la versi\u00f3n de que un dinero que el acusado estaba cobrando a Marcia V\u00e1zquez y a \u00c1urea mediante correos electr\u00f3nicos era el de una herencia que se llev\u00f3 de parte de su abuelo y que se lo hab\u00eda prestado a la madre de las acusadas.<\/p>","protected":false},"excerpt":{"rendered":"<p>El 14 de octubre de 2005, \u00c1urea V\u00e1zquez Rijos, lleg\u00f3 hasta el Hospital Auxilio Mutuo en Hato Rey, utilizando andador, con hematomas en el rostro y dificultad para caminar, pero alerta y orientada. As\u00ed se desprende del informe medico de la doctora Beatriz Del Valle Negr\u00f3n, quien atendi\u00f3 a la hoy acusada de conspirar para [&hellip;]<\/p>","protected":false},"author":0,"featured_media":450429,"comment_status":"closed","ping_status":"closed","sticky":false,"template":"","format":"standard","meta":{"_acf_changed":false,"_monsterinsights_skip_tracking":false,"ep_exclude_from_search":false,"footnotes":""},"categories":[13,2],"tags":[],"class_list":["post-19882","post","type-post","status-publish","format-standard","has-post-thumbnail","hentry","category-tribunales","category-ultima-hora"],"acf":[],"aioseo_notices":[],"_links":{"self":[{"href":"https:\/\/noticel.com\/en\/wp-json\/wp\/v2\/posts\/19882","targetHints":{"allow":["GET"]}}],"collection":[{"href":"https:\/\/noticel.com\/en\/wp-json\/wp\/v2\/posts"}],"about":[{"href":"https:\/\/noticel.com\/en\/wp-json\/wp\/v2\/types\/post"}],"replies":[{"embeddable":true,"href":"https:\/\/noticel.com\/en\/wp-json\/wp\/v2\/comments?post=19882"}],"version-history":[{"count":1,"href":"https:\/\/noticel.com\/en\/wp-json\/wp\/v2\/posts\/19882\/revisions"}],"predecessor-version":[{"id":450433,"href":"https:\/\/noticel.com\/en\/wp-json\/wp\/v2\/posts\/19882\/revisions\/450433"}],"wp:featuredmedia":[{"embeddable":true,"href":"https:\/\/noticel.com\/en\/wp-json\/wp\/v2\/media\/450429"}],"wp:attachment":[{"href":"https:\/\/noticel.com\/en\/wp-json\/wp\/v2\/media?parent=19882"}],"wp:term":[{"taxonomy":"category","embeddable":true,"href":"https:\/\/noticel.com\/en\/wp-json\/wp\/v2\/categories?post=19882"},{"taxonomy":"post_tag","embeddable":true,"href":"https:\/\/noticel.com\/en\/wp-json\/wp\/v2\/tags?post=19882"}],"curies":[{"name":"wp","href":"https:\/\/api.w.org\/{rel}","templated":true}]}}