{"id":197948,"date":"2023-09-21T07:40:09","date_gmt":"2023-09-21T11:40:09","guid":{"rendered":"https:\/\/www.noticel.com\/ahora\/top-stories\/20230921\/luma-pide-otro-aumento-en-la-factura-de-la-luz\/"},"modified":"2025-07-12T02:23:34","modified_gmt":"2025-07-12T02:23:34","slug":"luma-pide-otro-aumento-en-la-factura-de-la-luz","status":"publish","type":"post","link":"https:\/\/noticel.com\/en\/ultima-hora\/20230921\/luma-pide-otro-aumento-en-la-factura-de-la-luz\/","title":{"rendered":"LUMA pide otro aumento en la factura de la luz"},"content":{"rendered":"<h3>Dijo que el costo del combustible utilizado por las instalaciones de generaci\u00f3n durante los meses de julio y agosto fue un 20% m\u00e1s alto de lo esperado.<\/h3>\n<p>El principal oficial ejecutivo de LUMA Energy, Juan Saca, inform\u00f3 el jueves que la empresa solicit\u00f3 un aumento al Negociado de Energ\u00eda debido al aumento en el costo del combustible.<\/p>\n<p>\u201cLos precios mundiales del combustible son un factor que est\u00e1 fuera de nuestro control y son un problema serio que est\u00e1 afectando a los clientes de servicios p\u00fablicos en Puerto Rico y en los Estados Unidos. LUMA no tiene control de estos precios de combustible. Estos son establecidos a nivel mundial. Es importante recordar que LUMA no genera electricidad ni determina el impacto que los costos del combustible tienen en las tarifas de los clientes. Aunque LUMA no es responsable por el alza en los costos del combustible de generaci\u00f3n, nos comprometemos a ayudar a nuestros clientes. Estaremos compartiendo informaci\u00f3n sobre varios programas de asistencia econ\u00f3mica, y estamos trabajando con nuestros colaboradores del gobierno y en el sector de generaci\u00f3n en todo Puerto Rico para desarrollar soluciones energ\u00e9ticas que reduzcan la necesidad de utilizar combustibles f\u00f3siles caros en el futuro\u201d, expres\u00f3 Saca, en declaraciones escritas.<\/p>\n<p>Seg\u00fan Saca, basado en la informaci\u00f3n brindada por Genera PR, el costo del combustible utilizado por las instalaciones de generaci\u00f3n durante los meses de julio y agosto fue un 20% m\u00e1s alto de lo esperado debido al impacto del aumento global de los precios del combustible y a la demanda de energ\u00eda mayor de lo previsto para este trimestre.<\/p>\n<p>\u201cEl precio internacional del petr\u00f3leo aument\u00f3 m\u00e1s de un 28% durante esos dos meses, llegando a alcanzar los 90 d\u00f3lares por barril comparado con 70 d\u00f3lares el barril al 1 de julio. Considerando estos factores, el ajuste estimado en la compra de energ\u00eda y combustible reflejado en el informe presentado al Negociado prev\u00e9 un aumento de aproximadamente cuatro centavos por kilovatio hora. El Negociado, no LUMA, determina si se har\u00e1n ajustes en las tarifas de los clientes y cu\u00e1l ser\u00eda el cambio\u00bb.<\/p>\n<p>\u201cEl efecto del alza mundial reciente en los costos del combustible representa un problema continuo que est\u00e1 afectando a clientes en Puerto Rico y en los Estados Unidos. Por ejemplo, el precio de la gasolina en Puerto Rico ha aumentado un 11% en los \u00faltimos tres meses. El impacto definitivo del ajuste al costo del combustible en las tarifas de los clientes o facturas ser\u00e1 determinado por el NEPR, no por LUMA. LUMA no se beneficia econ\u00f3micamente de ning\u00fan cambio en las tarifas debido al aumento de los costos de combustible de generaci\u00f3n\u201d, concluy\u00f3.<\/p>","protected":false},"excerpt":{"rendered":"<p>Dijo que el costo del combustible utilizado por las instalaciones de generaci\u00f3n durante los meses de julio y agosto fue un 20% m\u00e1s alto de lo esperado. El principal oficial ejecutivo de LUMA Energy, Juan Saca, inform\u00f3 el jueves que la empresa solicit\u00f3 un aumento al Negociado de Energ\u00eda debido al aumento en el costo [&hellip;]<\/p>","protected":false},"author":0,"featured_media":249966,"comment_status":"closed","ping_status":"closed","sticky":false,"template":"","format":"standard","meta":{"_acf_changed":false,"_monsterinsights_skip_tracking":false,"ep_exclude_from_search":false,"footnotes":""},"categories":[2],"tags":[],"class_list":["post-197948","post","type-post","status-publish","format-standard","has-post-thumbnail","hentry","category-ultima-hora"],"acf":[],"aioseo_notices":[],"_links":{"self":[{"href":"https:\/\/noticel.com\/en\/wp-json\/wp\/v2\/posts\/197948","targetHints":{"allow":["GET"]}}],"collection":[{"href":"https:\/\/noticel.com\/en\/wp-json\/wp\/v2\/posts"}],"about":[{"href":"https:\/\/noticel.com\/en\/wp-json\/wp\/v2\/types\/post"}],"replies":[{"embeddable":true,"href":"https:\/\/noticel.com\/en\/wp-json\/wp\/v2\/comments?post=197948"}],"version-history":[{"count":1,"href":"https:\/\/noticel.com\/en\/wp-json\/wp\/v2\/posts\/197948\/revisions"}],"predecessor-version":[{"id":249967,"href":"https:\/\/noticel.com\/en\/wp-json\/wp\/v2\/posts\/197948\/revisions\/249967"}],"wp:featuredmedia":[{"embeddable":true,"href":"https:\/\/noticel.com\/en\/wp-json\/wp\/v2\/media\/249966"}],"wp:attachment":[{"href":"https:\/\/noticel.com\/en\/wp-json\/wp\/v2\/media?parent=197948"}],"wp:term":[{"taxonomy":"category","embeddable":true,"href":"https:\/\/noticel.com\/en\/wp-json\/wp\/v2\/categories?post=197948"},{"taxonomy":"post_tag","embeddable":true,"href":"https:\/\/noticel.com\/en\/wp-json\/wp\/v2\/tags?post=197948"}],"curies":[{"name":"wp","href":"https:\/\/api.w.org\/{rel}","templated":true}]}}