{"id":196196,"date":"2023-07-26T15:49:20","date_gmt":"2023-07-26T19:49:20","guid":{"rendered":"https:\/\/www.noticel.com\/mundo\/20230726\/el-presidente-cubano-critica-la-severidad-de-las-sanciones-economicas-de-eu\/"},"modified":"2025-07-12T04:24:56","modified_gmt":"2025-07-12T04:24:56","slug":"el-presidente-cubano-critica-la-severidad-de-las-sanciones-economicas-de-eu","status":"publish","type":"post","link":"https:\/\/noticel.com\/en\/noticias\/mundo\/20230726\/el-presidente-cubano-critica-la-severidad-de-las-sanciones-economicas-de-eu\/","title":{"rendered":"El presidente cubano critica la \u00abseveridad\u00bb de las sanciones econ\u00f3micas de EU"},"content":{"rendered":"<p><i>Miguel D\u00edaz-Canel censur\u00f3 el \u00abbrutal y genocida bloqueo (embargo)\u00bb estadounidense que busca, seg\u00fan el mandatario, \u00abpisotear la dignidad nacional\u00bb.<\/i><\/p>\n<p>SANTIAGO DE CUBA &#8211; El presidente de Cuba, Miguel D\u00edaz-Canel, critic\u00f3 hoy la \u00abseveridad\u00bb de las sanciones econ\u00f3micas de Estados Unidos, que se\u00f1al\u00f3 como una de las principales limitaciones al desarrollo del pa\u00eds caribe\u00f1o.<\/p>\n<p>\u00abMientras Estados Unidos mantenga su brutal y genocida bloqueo (embargo) e intente pisotear la dignidad nacional, tendremos un Moncada por asaltar\u00bb, indic\u00f3 al encabezar la conmemoraci\u00f3n del D\u00eda de la Rebeld\u00eda Nacional en la ciudad oriental de Santiago de Cuba (a 12 horas de La Habana).<\/p>\n<p>La fecha recuerda los fallidos asaltos el 26 de julio de 1953 a los cuarteles Moncada y Carlos Manuel de C\u00e9spedes -ambos en el oriente- por parte de un grupo de revolucionarios liderados por Fidel Castro y su hermano Ra\u00fal.<\/p>\n<p>Siete d\u00e9cadas despu\u00e9s de los sucesos, y desde el mismo cuartel Moncada (en Santiago de Cuba), D\u00edaz-Canel carg\u00f3 contra las \u00abagresiones imperiales\u00bb de Estados Unidos y la \u00abobsesi\u00f3n\u00bb con el pa\u00eds caribe\u00f1o.<\/p>\n<p>El mandatario mencion\u00f3 en el acto, presenciado adem\u00e1s por el expresidente Ra\u00fal Castro, que medidas \u00abperversas\u00bb como la inclusi\u00f3n de Cuba en la lista de patrocinadores del terrorismo frenan el desarrollo econ\u00f3mico de Cuba.<\/p>\n<p>A la conmemoraci\u00f3n de este a\u00f1o asistieron cerca de miles de personas que colmaron la sede del Moncada en Santiago de Cuba.<\/p><div class=\"notic-content-middle\" id=\"notic-1182349610\"><div class=\"notic-adlabel\">Advertisements<\/div><a data-no-instant=\"1\" href=\"https:\/\/www.asegurate-bien.com\/\" rel=\"noopener\" class=\"a2t-link\" target=\"_blank\" aria-label=\"Acodese-Adaptaciones-Noticel-300&#215;250\"><img loading=\"lazy\" decoding=\"async\" src=\"https:\/\/cdn.noticel.com\/2026\/05\/30094423\/Acodese-Adaptaciones-Noticel-300x250-1.jpg\" alt=\"\"  srcset=\"https:\/\/cdn.noticel.com\/2026\/05\/30094423\/Acodese-Adaptaciones-Noticel-300x250-1.jpg 300w, https:\/\/cdn.noticel.com\/2026\/05\/30094423\/Acodese-Adaptaciones-Noticel-300x250-1-14x12.jpg 14w\" sizes=\"(max-width: 300px) 100vw, 300px\" width=\"300\" height=\"250\"   \/><\/a><\/div>\n<p><strong id=\"strong-9435622226e358aa0cd2c28763db7735\">70 a\u00f1os de los asaltos<\/strong><\/p>\n<p>Las acciones militares del 26 de julio de 1953 son consideradas la primera acci\u00f3n armada contra la dictadura de Fulgencio Batista (1952-1959) de una revoluci\u00f3n que triunfar\u00eda seis a\u00f1os despu\u00e9s.<\/p>\n<p>Estas pretend\u00edan causar una insurrecci\u00f3n popular, pero su fracaso termin\u00f3 en el encarcelamiento, tortura y muerte de muchos de sus participantes.<\/p>\n<p>Otros, como los Castro, fueron juzgados, condenados y encarcelados, pero amnistiados dos a\u00f1os m\u00e1s tarde, lo que les permiti\u00f3 salir del pa\u00eds y reorganizarse.<\/p>\n<p>La acci\u00f3n es recordada anualmente en Cuba con grandes actos en el principal festivo del pa\u00eds, excepto en 2021, cuando se celebr\u00f3 en un formato reducido por la pandemia.<\/p>\n<p>En los \u00faltimos d\u00edas, y como es habitual, los principales medios de prensa oficialistas dedicaron espacios a resaltar los sucesos de las acciones del 26 de julio de 1953 y su significado hist\u00f3rico para el devenir del pa\u00eds en las subsiguientes d\u00e9cadas.<\/p>","protected":false},"excerpt":{"rendered":"<p>Miguel D\u00edaz-Canel censur\u00f3 el \u00abbrutal y genocida bloqueo (embargo)\u00bb estadounidense que busca, seg\u00fan el mandatario, \u00abpisotear la dignidad nacional\u00bb. SANTIAGO DE CUBA &#8211; El presidente de Cuba, Miguel D\u00edaz-Canel, critic\u00f3 hoy la \u00abseveridad\u00bb de las sanciones econ\u00f3micas de Estados Unidos, que se\u00f1al\u00f3 como una de las principales limitaciones al desarrollo del pa\u00eds caribe\u00f1o. \u00abMientras Estados [&hellip;]<\/p>","protected":false},"author":0,"featured_media":253655,"comment_status":"closed","ping_status":"closed","sticky":false,"template":"","format":"standard","meta":{"_acf_changed":false,"_monsterinsights_skip_tracking":false,"ep_exclude_from_search":false,"footnotes":""},"categories":[17],"tags":[],"class_list":["post-196196","post","type-post","status-publish","format-standard","has-post-thumbnail","hentry","category-mundo"],"acf":[],"aioseo_notices":[],"_links":{"self":[{"href":"https:\/\/noticel.com\/en\/wp-json\/wp\/v2\/posts\/196196","targetHints":{"allow":["GET"]}}],"collection":[{"href":"https:\/\/noticel.com\/en\/wp-json\/wp\/v2\/posts"}],"about":[{"href":"https:\/\/noticel.com\/en\/wp-json\/wp\/v2\/types\/post"}],"replies":[{"embeddable":true,"href":"https:\/\/noticel.com\/en\/wp-json\/wp\/v2\/comments?post=196196"}],"version-history":[{"count":1,"href":"https:\/\/noticel.com\/en\/wp-json\/wp\/v2\/posts\/196196\/revisions"}],"predecessor-version":[{"id":253656,"href":"https:\/\/noticel.com\/en\/wp-json\/wp\/v2\/posts\/196196\/revisions\/253656"}],"wp:featuredmedia":[{"embeddable":true,"href":"https:\/\/noticel.com\/en\/wp-json\/wp\/v2\/media\/253655"}],"wp:attachment":[{"href":"https:\/\/noticel.com\/en\/wp-json\/wp\/v2\/media?parent=196196"}],"wp:term":[{"taxonomy":"category","embeddable":true,"href":"https:\/\/noticel.com\/en\/wp-json\/wp\/v2\/categories?post=196196"},{"taxonomy":"post_tag","embeddable":true,"href":"https:\/\/noticel.com\/en\/wp-json\/wp\/v2\/tags?post=196196"}],"curies":[{"name":"wp","href":"https:\/\/api.w.org\/{rel}","templated":true}]}}