{"id":195117,"date":"2023-06-23T06:40:03","date_gmt":"2023-06-23T10:40:03","guid":{"rendered":"https:\/\/www.noticel.com\/el-tiempo\/huracanes\/20230623\/vientos-de-bret-alcanzan-las-60-millas-por-hora\/"},"modified":"2025-07-12T05:45:35","modified_gmt":"2025-07-12T05:45:35","slug":"vientos-de-bret-alcanzan-las-60-millas-por-hora","status":"publish","type":"post","link":"https:\/\/noticel.com\/en\/el-tiempo\/20230623\/vientos-de-bret-alcanzan-las-60-millas-por-hora\/","title":{"rendered":"Vientos de Bret alcanzan las 60 millas por hora"},"content":{"rendered":"<h3>Se pronostica que se debilite en los pr\u00f3ximos d\u00edas y se espera que se disipe sobre el Mar Caribe central para el s\u00e1bado por la noche o el domingo.<\/h3>\n<p>Las bandas de lluvia asociadas a la tormenta tropical Bret contin\u00faan generando vientos intensos y lluvias abundantes sobre partes de las Islas de Barlovento.<\/p>\n<p>Seg\u00fan el informe de las 5:00 de la ma\u00f1ana, la ubicaci\u00f3n del centro de la tormenta tropical Bret se encuentra cerca de la latitud 13.4 Norte y longitud 62.9 Oeste. Bret se est\u00e1 moviendo hacia el oeste a una velocidad de 18 millas por hora, y se espera que este movimiento general contin\u00fae durante el fin de semana.<\/p>\n<p>En la trayectoria pronosticada, el centro de Bret continuar\u00e1 movi\u00e9ndose hacia el oeste alej\u00e1ndose de las Islas de Barlovento y cruzando el Mar Caribe oriental y central en los pr\u00f3ximos d\u00edas.<\/p>\n<p>Los vientos m\u00e1ximos sostenidos de Bret son de aproximadamente 60 millas por hora con r\u00e1fagas m\u00e1s fuertes. Se pronostica que se debilite en los pr\u00f3ximos d\u00edas y se espera que se disipe sobre el Mar Caribe central para el s\u00e1bado por la noche o el domingo.<\/p><div class=\"notic-content-middle\" id=\"notic-3286878858\"><div class=\"notic-adlabel\">Advertisements<\/div><a data-no-instant=\"1\" href=\"https:\/\/www.asegurate-bien.com\/\" rel=\"noopener\" class=\"a2t-link\" target=\"_blank\" aria-label=\"Acodese-Adaptaciones-Noticel-728&#215;90\"><img loading=\"lazy\" decoding=\"async\" src=\"https:\/\/cdn.noticel.com\/2026\/07\/30095222\/Acodese-Adaptaciones-Noticel-728x90-1.jpg\" alt=\"\"  srcset=\"https:\/\/cdn.noticel.com\/2026\/07\/30095222\/Acodese-Adaptaciones-Noticel-728x90-1.jpg 728w, https:\/\/cdn.noticel.com\/2026\/07\/30095222\/Acodese-Adaptaciones-Noticel-728x90-1-300x37.jpg 300w, https:\/\/cdn.noticel.com\/2026\/07\/30095222\/Acodese-Adaptaciones-Noticel-728x90-1-18x2.jpg 18w\" sizes=\"(max-width: 728px) 100vw, 728px\" width=\"728\" height=\"90\"   \/><\/a><\/div>\n<p>Se mantiene una advertencia de tormenta tropical para Dominica, Santa Luc\u00eda, Martinica y San Vicente y las Granadinas. En este caso, una advertencia de tormenta tropical significa que se est\u00e1n produciendo condiciones de tormenta tropical dentro del \u00e1rea bajo advertencia.<\/p>\n<p>Se recomienda a los intereses cercanos al sureste del Mar Caribe que monitoreen el progreso de Bret.<\/p>\n<p>https:\/\/twitter.com\/NWSSanJuan\/status\/1672171168080723968<\/p>","protected":false},"excerpt":{"rendered":"<p>Se pronostica que se debilite en los pr\u00f3ximos d\u00edas y se espera que se disipe sobre el Mar Caribe central para el s\u00e1bado por la noche o el domingo. Las bandas de lluvia asociadas a la tormenta tropical Bret contin\u00faan generando vientos intensos y lluvias abundantes sobre partes de las Islas de Barlovento. Seg\u00fan el [&hellip;]<\/p>","protected":false},"author":0,"featured_media":255976,"comment_status":"closed","ping_status":"closed","sticky":false,"template":"","format":"standard","meta":{"_acf_changed":false,"_monsterinsights_skip_tracking":false,"ep_exclude_from_search":false,"footnotes":""},"categories":[18,19],"tags":[],"class_list":["post-195117","post","type-post","status-publish","format-standard","has-post-thumbnail","hentry","category-el-tiempo","category-huracanes"],"acf":[],"aioseo_notices":[],"_links":{"self":[{"href":"https:\/\/noticel.com\/en\/wp-json\/wp\/v2\/posts\/195117","targetHints":{"allow":["GET"]}}],"collection":[{"href":"https:\/\/noticel.com\/en\/wp-json\/wp\/v2\/posts"}],"about":[{"href":"https:\/\/noticel.com\/en\/wp-json\/wp\/v2\/types\/post"}],"replies":[{"embeddable":true,"href":"https:\/\/noticel.com\/en\/wp-json\/wp\/v2\/comments?post=195117"}],"version-history":[{"count":1,"href":"https:\/\/noticel.com\/en\/wp-json\/wp\/v2\/posts\/195117\/revisions"}],"predecessor-version":[{"id":255977,"href":"https:\/\/noticel.com\/en\/wp-json\/wp\/v2\/posts\/195117\/revisions\/255977"}],"wp:featuredmedia":[{"embeddable":true,"href":"https:\/\/noticel.com\/en\/wp-json\/wp\/v2\/media\/255976"}],"wp:attachment":[{"href":"https:\/\/noticel.com\/en\/wp-json\/wp\/v2\/media?parent=195117"}],"wp:term":[{"taxonomy":"category","embeddable":true,"href":"https:\/\/noticel.com\/en\/wp-json\/wp\/v2\/categories?post=195117"},{"taxonomy":"post_tag","embeddable":true,"href":"https:\/\/noticel.com\/en\/wp-json\/wp\/v2\/tags?post=195117"}],"curies":[{"name":"wp","href":"https:\/\/api.w.org\/{rel}","templated":true}]}}