{"id":19503,"date":"2018-05-01T00:00:00","date_gmt":"2018-05-01T04:00:00","guid":{"rendered":"http:\/\/www.noticel.com\/galeria\/la-calle\/20180501\/policia-vigila-el-aeropuerto-lmm-ante-posibilidad-de-protestas\/"},"modified":"2025-07-16T15:20:38","modified_gmt":"2025-07-16T15:20:38","slug":"policia-vigila-el-aeropuerto-lmm-ante-posibilidad-de-protestas","status":"publish","type":"post","link":"https:\/\/noticel.com\/en\/noticias\/la-calle\/20180501\/policia-vigila-el-aeropuerto-lmm-ante-posibilidad-de-protestas\/","title":{"rendered":"Polic\u00eda vigila el Aeropuerto LMM ante posibilidad de protestas"},"content":{"rendered":"<p><i>NotiCel recorri\u00f3 el \u00e1rea en horas de la ma\u00f1ana<\/i><\/p><div class=\"notic-content-middle\" id=\"notic-11822363\"><div class=\"notic-adlabel\">Advertisements<\/div><a data-no-instant=\"1\" href=\"https:\/\/www.asegurate-bien.com\/\" rel=\"noopener\" class=\"a2t-link\" target=\"_blank\" aria-label=\"Acodese-Adaptaciones-Noticel-300&#215;600\"><img loading=\"lazy\" decoding=\"async\" src=\"https:\/\/cdn.noticel.com\/2026\/05\/30094652\/Acodese-Adaptaciones-Noticel-300x600-1.jpg\" alt=\"\"  srcset=\"https:\/\/cdn.noticel.com\/2026\/05\/30094652\/Acodese-Adaptaciones-Noticel-300x600-1.jpg 300w, https:\/\/cdn.noticel.com\/2026\/05\/30094652\/Acodese-Adaptaciones-Noticel-300x600-1-150x300.jpg 150w, https:\/\/cdn.noticel.com\/2026\/05\/30094652\/Acodese-Adaptaciones-Noticel-300x600-1-6x12.jpg 6w\" sizes=\"(max-width: 300px) 100vw, 300px\" width=\"300\" height=\"600\"   \/><\/a><\/div>\n<p>Agentes de la Polic\u00eda de Puerto Rico vigilan las entradas al Aeropuerto Luis Mu\u00f1oz Mar\u00edn ante la posible llegada de manifestantes en el D\u00eda Internacional del Trabajador.\u00a0\u00a0\u00a0\u00a0\u00a0<\/p>","protected":false},"excerpt":{"rendered":"<p>NotiCel recorri\u00f3 el \u00e1rea en horas de la ma\u00f1ana Agentes de la Polic\u00eda de Puerto Rico vigilan las entradas al Aeropuerto Luis Mu\u00f1oz Mar\u00edn ante la posible llegada de manifestantes en el D\u00eda Internacional del Trabajador.\u00a0\u00a0\u00a0\u00a0\u00a0<\/p>","protected":false},"author":0,"featured_media":453387,"comment_status":"closed","ping_status":"closed","sticky":false,"template":"","format":"standard","meta":{"_acf_changed":false,"_monsterinsights_skip_tracking":false,"ep_exclude_from_search":false,"footnotes":""},"categories":[60,12],"tags":[],"class_list":["post-19503","post","type-post","status-publish","format-standard","has-post-thumbnail","hentry","category-fotos","category-la-calle"],"acf":[],"aioseo_notices":[],"_links":{"self":[{"href":"https:\/\/noticel.com\/en\/wp-json\/wp\/v2\/posts\/19503","targetHints":{"allow":["GET"]}}],"collection":[{"href":"https:\/\/noticel.com\/en\/wp-json\/wp\/v2\/posts"}],"about":[{"href":"https:\/\/noticel.com\/en\/wp-json\/wp\/v2\/types\/post"}],"replies":[{"embeddable":true,"href":"https:\/\/noticel.com\/en\/wp-json\/wp\/v2\/comments?post=19503"}],"version-history":[{"count":1,"href":"https:\/\/noticel.com\/en\/wp-json\/wp\/v2\/posts\/19503\/revisions"}],"predecessor-version":[{"id":453422,"href":"https:\/\/noticel.com\/en\/wp-json\/wp\/v2\/posts\/19503\/revisions\/453422"}],"wp:featuredmedia":[{"embeddable":true,"href":"https:\/\/noticel.com\/en\/wp-json\/wp\/v2\/media\/453387"}],"wp:attachment":[{"href":"https:\/\/noticel.com\/en\/wp-json\/wp\/v2\/media?parent=19503"}],"wp:term":[{"taxonomy":"category","embeddable":true,"href":"https:\/\/noticel.com\/en\/wp-json\/wp\/v2\/categories?post=19503"},{"taxonomy":"post_tag","embeddable":true,"href":"https:\/\/noticel.com\/en\/wp-json\/wp\/v2\/tags?post=19503"}],"curies":[{"name":"wp","href":"https:\/\/api.w.org\/{rel}","templated":true}]}}