{"id":194257,"date":"2023-05-30T10:28:56","date_gmt":"2023-05-30T14:28:56","guid":{"rendered":"https:\/\/www.noticel.com\/la-calle\/policiacas\/20230530\/reunion-familiar-termina-a-cuchillazos-en-camuy\/"},"modified":"2025-09-14T10:06:56","modified_gmt":"2025-09-14T14:06:56","slug":"reunion-familiar-termina-a-cuchillazos-en-camuy","status":"publish","type":"post","link":"https:\/\/noticel.com\/en\/noticias\/la-calle\/20230530\/reunion-familiar-termina-a-cuchillazos-en-camuy\/","title":{"rendered":"Reuni\u00f3n familiar termina a cuchillazos en Camuy"},"content":{"rendered":"<h3>Un hombre result\u00f3 herido.<\/h3>\n<p>El Negociado de la Polic\u00eda de Puerto Rico investiga una agresi\u00f3n grave reportada en el barrio Piedra Gorda de Camuy.<\/p>\n<p>Seg\u00fan informa el querellante Rub\u00e9n E. Marichal Curbelo, que se encontraba en la casa de un familiar cuando se person\u00f3 al lugar un hombre y una mujer. Luego de su llegada comenz\u00f3 una discusi\u00f3n entre ellos y la mujer, con un objeto punzante (cuchillo) lo hiri\u00f3 en el \u00e1rea de la espalda.<\/p>\n<p>La pareja se march\u00f3 del lugar tras los hechos.<\/p>\n<p>El perjudicado fue transportado al Hospital Pav\u00eda de Arecibo. Su condici\u00f3n fue descrita como estable.<\/p>\n<p>La Polic\u00eda investiga los hechos.<\/p>","protected":false},"excerpt":{"rendered":"<p>Un hombre result\u00f3 herido. El Negociado de la Polic\u00eda de Puerto Rico investiga una agresi\u00f3n grave reportada en el barrio Piedra Gorda de Camuy. Seg\u00fan informa el querellante Rub\u00e9n E. Marichal Curbelo, que se encontraba en la casa de un familiar cuando se person\u00f3 al lugar un hombre y una mujer. Luego de su llegada [&hellip;]<\/p>","protected":false},"author":0,"featured_media":948508,"comment_status":"closed","ping_status":"closed","sticky":false,"template":"","format":"standard","meta":{"_acf_changed":false,"_monsterinsights_skip_tracking":false,"ep_exclude_from_search":false,"footnotes":""},"categories":[12,15],"tags":[],"class_list":["post-194257","post","type-post","status-publish","format-standard","has-post-thumbnail","hentry","category-la-calle","category-policiacas"],"acf":[],"aioseo_notices":[],"_links":{"self":[{"href":"https:\/\/noticel.com\/en\/wp-json\/wp\/v2\/posts\/194257","targetHints":{"allow":["GET"]}}],"collection":[{"href":"https:\/\/noticel.com\/en\/wp-json\/wp\/v2\/posts"}],"about":[{"href":"https:\/\/noticel.com\/en\/wp-json\/wp\/v2\/types\/post"}],"replies":[{"embeddable":true,"href":"https:\/\/noticel.com\/en\/wp-json\/wp\/v2\/comments?post=194257"}],"version-history":[{"count":1,"href":"https:\/\/noticel.com\/en\/wp-json\/wp\/v2\/posts\/194257\/revisions"}],"predecessor-version":[{"id":257842,"href":"https:\/\/noticel.com\/en\/wp-json\/wp\/v2\/posts\/194257\/revisions\/257842"}],"wp:featuredmedia":[{"embeddable":true,"href":"https:\/\/noticel.com\/en\/wp-json\/wp\/v2\/media\/948508"}],"wp:attachment":[{"href":"https:\/\/noticel.com\/en\/wp-json\/wp\/v2\/media?parent=194257"}],"wp:term":[{"taxonomy":"category","embeddable":true,"href":"https:\/\/noticel.com\/en\/wp-json\/wp\/v2\/categories?post=194257"},{"taxonomy":"post_tag","embeddable":true,"href":"https:\/\/noticel.com\/en\/wp-json\/wp\/v2\/tags?post=194257"}],"curies":[{"name":"wp","href":"https:\/\/api.w.org\/{rel}","templated":true}]}}