{"id":19215,"date":"2019-06-10T00:00:00","date_gmt":"2019-06-10T04:00:00","guid":{"rendered":"http:\/\/www.noticel.com\/ahora\/galeria\/pnp\/politica\/20190610\/lo-que-se-vio-en-ponce-durante-primer-mensaje-de-presupuesto-fuera-del-capi\/"},"modified":"2025-07-16T15:54:56","modified_gmt":"2025-07-16T15:54:56","slug":"lo-que-se-vio-en-ponce-durante-primer-mensaje-de-presupuesto-fuera-del-capi","status":"publish","type":"post","link":"https:\/\/noticel.com\/en\/ultima-hora\/20190610\/lo-que-se-vio-en-ponce-durante-primer-mensaje-de-presupuesto-fuera-del-capi\/","title":{"rendered":"Lo que se vi\u00f3 en Ponce durante primer mensaje de presupuesto fuera del Capi"},"content":{"rendered":"<p><i>El lente de NotiCel en el Complejo Ferial.<\/i><\/p><div class=\"notic-content-middle\" id=\"notic-3655724626\"><div class=\"notic-adlabel\">Advertisements<\/div><a data-no-instant=\"1\" href=\"https:\/\/qrco.de\/bgxd5v\" rel=\"noopener\" class=\"a2t-link\" target=\"_blank\" aria-label=\"DisplayAds-300&#215;250\"><img loading=\"lazy\" decoding=\"async\" src=\"https:\/\/cdn.noticel.com\/2026\/09\/02200431\/DisplayAds-300x250-1.jpg\" alt=\"\"  srcset=\"https:\/\/cdn.noticel.com\/2026\/09\/02200431\/DisplayAds-300x250-1.jpg 300w, https:\/\/cdn.noticel.com\/2026\/09\/02200431\/DisplayAds-300x250-1-14x12.jpg 14w\" sizes=\"(max-width: 300px) 100vw, 300px\" width=\"300\" height=\"250\"   \/><\/a><\/div>\n<p>En su mensaje, que comenz\u00f3 como un resumen de varias de sus pol\u00edticas p\u00fablicas, el Primer Ejecutivo reiter\u00f3 que entre algunas medidas que han implementado, como el congelamientos de las vacantes en el Gobierno y la reducci\u00f3n en puestos de confianza, han logrado un ahorro suficiente para salvaguardar los Sistemas de Retiro en la isla.\u00a0\u00a0\u00a0\u00a0\u00a0\u00a0\u00a0\u00a0\u00a0\u00a0\u00a0\u00a0\u00a0\u00a0\u00a0\u00a0\u00a0\u00a0\u00a0\u00a0\u00a0\u00a0\u00a0\u00a0\u00a0\u00a0<\/p>","protected":false},"excerpt":{"rendered":"<p>El lente de NotiCel en el Complejo Ferial. En su mensaje, que comenz\u00f3 como un resumen de varias de sus pol\u00edticas p\u00fablicas, el Primer Ejecutivo reiter\u00f3 que entre algunas medidas que han implementado, como el congelamientos de las vacantes en el Gobierno y la reducci\u00f3n en puestos de confianza, han logrado un ahorro suficiente para [&hellip;]<\/p>","protected":false},"author":0,"featured_media":455765,"comment_status":"closed","ping_status":"closed","sticky":false,"template":"","format":"standard","meta":{"_acf_changed":false,"_monsterinsights_skip_tracking":false,"ep_exclude_from_search":false,"footnotes":""},"categories":[60,7,2],"tags":[],"class_list":["post-19215","post","type-post","status-publish","format-standard","has-post-thumbnail","hentry","category-fotos","category-politica","category-ultima-hora"],"acf":[],"aioseo_notices":[],"_links":{"self":[{"href":"https:\/\/noticel.com\/en\/wp-json\/wp\/v2\/posts\/19215","targetHints":{"allow":["GET"]}}],"collection":[{"href":"https:\/\/noticel.com\/en\/wp-json\/wp\/v2\/posts"}],"about":[{"href":"https:\/\/noticel.com\/en\/wp-json\/wp\/v2\/types\/post"}],"replies":[{"embeddable":true,"href":"https:\/\/noticel.com\/en\/wp-json\/wp\/v2\/comments?post=19215"}],"version-history":[{"count":1,"href":"https:\/\/noticel.com\/en\/wp-json\/wp\/v2\/posts\/19215\/revisions"}],"predecessor-version":[{"id":455975,"href":"https:\/\/noticel.com\/en\/wp-json\/wp\/v2\/posts\/19215\/revisions\/455975"}],"wp:featuredmedia":[{"embeddable":true,"href":"https:\/\/noticel.com\/en\/wp-json\/wp\/v2\/media\/455765"}],"wp:attachment":[{"href":"https:\/\/noticel.com\/en\/wp-json\/wp\/v2\/media?parent=19215"}],"wp:term":[{"taxonomy":"category","embeddable":true,"href":"https:\/\/noticel.com\/en\/wp-json\/wp\/v2\/categories?post=19215"},{"taxonomy":"post_tag","embeddable":true,"href":"https:\/\/noticel.com\/en\/wp-json\/wp\/v2\/tags?post=19215"}],"curies":[{"name":"wp","href":"https:\/\/api.w.org\/{rel}","templated":true}]}}