{"id":190498,"date":"2023-03-01T17:22:26","date_gmt":"2023-03-01T21:22:26","guid":{"rendered":"https:\/\/www.noticel.com\/ahora\/20230301\/recomiendan-ampliar-medida-que-pretende-fiscalizar-los-alquileres-a-corto-plazo\/"},"modified":"2025-07-12T11:23:30","modified_gmt":"2025-07-12T11:23:30","slug":"recomiendan-ampliar-medida-que-pretende-fiscalizar-los-alquileres-a-corto-plazo","status":"publish","type":"post","link":"https:\/\/noticel.com\/en\/ultima-hora\/20230301\/recomiendan-ampliar-medida-que-pretende-fiscalizar-los-alquileres-a-corto-plazo\/","title":{"rendered":"Recomiendan ampliar medida que pretende fiscalizar los alquileres a corto plazo"},"content":{"rendered":"<h3>La organizaci\u00f3n Entidad Mujeres de Islas destac\u00f3 que el proyecto necesitar\u00eda un proceso de recolecci\u00f3n de datos, y un estudio de impacto para medir los efectos en las comunidades<\/h3>\n<p>La portavoz de la entidad Mujeres de Islas, Nathania Mart\u00ednez Gonz\u00e1lez, recomend\u00f3, en vista p\u00fablica de la C\u00e1mara de Representantes, a que se amplifique la medida que pretende crear una ley para reglamentar y fiscalizar los arrendamientos a corto plazo en la isla, ya que no atiende las preocupaciones principales de las comunidades.<\/p>\n<p>Las expresiones surgieron en la vista de la Comisi\u00f3n de Turismo, presidida por el representante Jos\u00e9 Rivera Madera, quien tambi\u00e9n es autor del Proyecto de la C\u00e1mara 1557 (P. de la C. 1557) que pretende reglamentar y fiscalizar los arrendamientos a corto plazo en la isla.<\/p>\n<p>La organizaci\u00f3n de Mujeres de Islas, que sirve al municipio de Culebra, asegur\u00f3 que el P. de la C. 1557 no responde a las preocupaciones que presentan las asociaciones de vecinos. Seg\u00fan Mart\u00ednez Gonz\u00e1lez, la medida necesitar\u00eda un proceso de recolecci\u00f3n de datos; un estudio de impacto para medir los efectos del arrendamiento a corto plazo en las comunidades; medidas para proteger la vivienda asequible en las comunidades y zonas residenciales; y mayores provisiones para la participaci\u00f3n ciudadana en el proceso regulatorio. Asimismo, indic\u00f3 que la ley deber\u00eda establecer procesos eficaces para ejecutar las regulaciones de alquileres a corto plazo, y que podr\u00eda incluir la creaci\u00f3n de un organismo especializado encargado del cumplimiento y la fiscalizaci\u00f3n.<\/p>\n<p>\u201cCon esto dejamos decir que aprobar una ley no ser\u00e1 suficiente para asegurar que mantengamos en balance una econom\u00eda saludable con bienestar social y ambiental para todos, no para pocos. Este proyecto se queda corto ante la aspiraci\u00f3n de producir pol\u00edtica p\u00fablica comprensiva en la regulaci\u00f3n de los arrendamientos a corto plazo en el archipi\u00e9lago. El proyecto de ley no brinda mecanismo de respaldo o de recaudo para sostener actividades de fiscalizaci\u00f3n, las que podr\u00edamos proyectar que no se llevar\u00e1n a cabo sin una asignaci\u00f3n de recursos e infraestructura adecuada\u201d, explic\u00f3 Mart\u00ednez Gonz\u00e1lez, quien reside en Culebra desde hace dos a\u00f1os.<\/p>\n<p>La portavoz destac\u00f3 la necesidad de que las regulaciones incluyan una asignaci\u00f3n de recursos recurrentes, tanto econ\u00f3micos como humanos, para la fiscalizaci\u00f3n verdadera de los alquileres a corto plazo. Seg\u00fan lo explicado en la vista, la pieza legislativa responsabiliza, mayormente, a los municipios y ciudadan\u00eda como instrumentos de fiscalizaci\u00f3n.<\/p>\n<p>\u201cEn Culebra hemos presenciado tambi\u00e9n el aumento en violaciones ambientales e invasiones en las zonas mar\u00edtimo-terrestres relacionadas directamente a la transici\u00f3n de propiedades originalmente destinadas a vivienda a mediano y largo plazo hacia negocios tur\u00edsticos a trav\u00e9s de alquileres a corto plazo\u201d, asegur\u00f3 Mart\u00ednez Gonz\u00e1lez.<\/p>\n<p>Mientras que, la Alianza Nacional contra el Desplazamiento Poblacional rechaz\u00f3 la legislaci\u00f3n y se opuso a que se legalice el establecimiento de negocios de alquileres a corto plazo en zonas residenciales. El portavoz de la organizaci\u00f3n, Miguel Reyes de Jes\u00fas, afirm\u00f3 que esta actividad es fuente de desplazamiento y desintegraci\u00f3n comunitaria.<\/p>\n<p>\u201cEs fundamental para un pa\u00eds como el nuestro, donde la inseguridad en todos los niveles de nuestra vida es el pan nuestro de cada d\u00eda, que haya un lugar al que las personas, ya sean solas o con familia, puedan llamar hogar y a su entorno comunidad. El desplazamiento poblacional en nuestro archipi\u00e9lago es una realidad innegable, y la Ley 60 ha venido a acelerar este proceso. Ahora los \u2018Airbnbs\u2019, y otras plataformas est\u00e1n haciendo su agosto con los alquileres a corto plazo continuando con el desplazamiento de nuestra poblaci\u00f3n\u201d, sostuvo Reyes de Jes\u00fas.<\/p>","protected":false},"excerpt":{"rendered":"<p>La organizaci\u00f3n Entidad Mujeres de Islas destac\u00f3 que el proyecto necesitar\u00eda un proceso de recolecci\u00f3n de datos, y un estudio de impacto para medir los efectos en las comunidades La portavoz de la entidad Mujeres de Islas, Nathania Mart\u00ednez Gonz\u00e1lez, recomend\u00f3, en vista p\u00fablica de la C\u00e1mara de Representantes, a que se amplifique la medida [&hellip;]<\/p>","protected":false},"author":0,"featured_media":265964,"comment_status":"closed","ping_status":"closed","sticky":false,"template":"","format":"standard","meta":{"_acf_changed":false,"_monsterinsights_skip_tracking":false,"ep_exclude_from_search":false,"footnotes":""},"categories":[2],"tags":[],"class_list":["post-190498","post","type-post","status-publish","format-standard","has-post-thumbnail","hentry","category-ultima-hora"],"acf":[],"aioseo_notices":[],"_links":{"self":[{"href":"https:\/\/noticel.com\/en\/wp-json\/wp\/v2\/posts\/190498","targetHints":{"allow":["GET"]}}],"collection":[{"href":"https:\/\/noticel.com\/en\/wp-json\/wp\/v2\/posts"}],"about":[{"href":"https:\/\/noticel.com\/en\/wp-json\/wp\/v2\/types\/post"}],"replies":[{"embeddable":true,"href":"https:\/\/noticel.com\/en\/wp-json\/wp\/v2\/comments?post=190498"}],"version-history":[{"count":1,"href":"https:\/\/noticel.com\/en\/wp-json\/wp\/v2\/posts\/190498\/revisions"}],"predecessor-version":[{"id":265965,"href":"https:\/\/noticel.com\/en\/wp-json\/wp\/v2\/posts\/190498\/revisions\/265965"}],"wp:featuredmedia":[{"embeddable":true,"href":"https:\/\/noticel.com\/en\/wp-json\/wp\/v2\/media\/265964"}],"wp:attachment":[{"href":"https:\/\/noticel.com\/en\/wp-json\/wp\/v2\/media?parent=190498"}],"wp:term":[{"taxonomy":"category","embeddable":true,"href":"https:\/\/noticel.com\/en\/wp-json\/wp\/v2\/categories?post=190498"},{"taxonomy":"post_tag","embeddable":true,"href":"https:\/\/noticel.com\/en\/wp-json\/wp\/v2\/tags?post=190498"}],"curies":[{"name":"wp","href":"https:\/\/api.w.org\/{rel}","templated":true}]}}