{"id":188230,"date":"2023-01-09T05:45:00","date_gmt":"2023-01-09T09:45:00","guid":{"rendered":"https:\/\/www.noticel.com\/?post_type=article&#038;p=188230"},"modified":"2025-07-12T14:05:17","modified_gmt":"2025-07-12T14:05:17","slug":"con-buenos-ojos-nombramiento-de-vilmarie-rivera-como-procuradora-de-las-mujeres","status":"publish","type":"post","link":"https:\/\/noticel.com\/en\/ultima-hora\/20230109\/con-buenos-ojos-nombramiento-de-vilmarie-rivera-como-procuradora-de-las-mujeres\/","title":{"rendered":"Con buenos ojos nombramiento de Vilmarie Rivera como Procuradora de las Mujeres"},"content":{"rendered":"<h3>Organizaciones feministas aprueban su designaci\u00f3n.<\/h3>\n<p>La designaci\u00f3n por parte del gobernador Pedro Pierluisi Urrutia de Vilmarie Rivera Sierra como Procuradora de las Mujeres parece tener la aprobaci\u00f3n de distintas organizaciones feministas y tambi\u00e9n de la presidenta de la Comisi\u00f3n de Asuntos de la Mujer en el senado, Migdalia Gonz\u00e1lez Arroyo.<\/p>\n<p>Pierluisi Urrutia hizo el anuncio el domingo, luego de cinco meses en los que esa oficina oper\u00f3 sin una directora en propiedad. La ex procuradora de las Mujeres, Lersy Boria, renunci\u00f3 en agosto pasado.<\/p>\n<p>\u00bbEntendemos que la nominada al momento cumple con los requisitos en Ley para asumir el puesto. Conocemos su trayectoria. Sabemos que fue directora de la Red de Albergues (de Violencia Dom\u00e9stica) y ha dedicado su vida a atener casos de violencia contra la mujer. Adem\u00e1s, hemos visto la reacci\u00f3n de distintos grupos y no tenemos ninguna objeci\u00f3n a su nombramiento. Estoy satisfecha\u201d, dijo Gonz\u00e1lez Arroyo en entrevista con NotiCel.<\/p>\n<p>La senadora hab\u00eda pedido p\u00fablicamente al gobernador que llenara la vacante \u00bbcon urgencia\u00bb ante el aumento de casos de violencia contra la mujer.<\/p>\n<p><strong id=\"strong-4a98b3bd2d3878924b776e4bfd98c3e8\">Nota relacionada: <\/strong><a href=\"https:\/\/noticel.com\/en\/ahora\/top-stories\/20230108\/gobernador-pierluisi-nombra-a-vilmarie-rivera-sierra-como-procuradora-de-las-mujeres\/\" id=\"link-4690b61d8a8ecce301cb284242b1a88a\">Gobernador Pierluisi nombra a Vilmarie Rivera Sierra como procuradora de las Mujeres<\/a><\/p>\n<p>En noviembre pasado, m\u00e1s de una docena de organizaciones feministas hab\u00edan recomendado al gobernador que considerara dos candidatas al cargo: Ilia V\u00e1zquez Gascot y Rivera Sierra.<\/p>\n<p>Tras conocerse la noticia hoy, la presidenta de Proyecto Matria, Am\u00e1rilis Pag\u00e1n Jim\u00e9nez, comparti\u00f3 en las redes sociales su satisfacci\u00f3n por la designaci\u00f3n.<\/p>\n<p>\u00bbEste nombramiento es bueno para el pa\u00eds. Tiene sensibilidad, compromiso, conocimientos y experiencia. Viene de las organizaciones y es apoyada por ellas. Vilmarie Rivera Sierra ser\u00e1 una gran Procuradora de las Mujeres\u00bb, augur\u00f3 Pag\u00e1n Jim\u00e9nez en su cuenta de Twitter.<\/p>\n<p>De igual forma, Hogar Ruth recibi\u00f3 con benepl\u00e1cito la noticia.<\/p>\n<p>\u201cHogar Ruth est\u00e1 feliz con la nominaci\u00f3n de Vilmarie Rivera. Nos consta que ser\u00e1 un baluarte para el trabajo en pro de las mujeres desde el espacio de la Oficina de la Procuradora de las Mujeres\u201d, expres\u00f3 Lisdel Flores, directora de Hogar Ruth, a trav\u00e9s de las redes sociales.<\/p>\n<p>Otro que reaccion\u00f3 de forma positiva fue el trabajador social Marcos Santana And\u00fajar, quien lo catalog\u00f3 como \u00bbuna gran noticia para las mujeres\u00bb.<\/p>\n<p>\u00bbEsta es la mejor noticia que he le\u00eddo en mucho tiempo me llena de alegr\u00eda y esperanza. El gobernador hace lo correcto con esta nominaci\u00f3n a la Oficina de la Procuradora de las Mujeres\u00bb, dijo el tambi\u00e9n fundador de la Red por los derehcos de la Ni\u00f1ez y la Juventud e su cuenta de Instagran.<\/p>\n<p>\u00bbVilmarie es una gran l\u00edder, defensora, extraordinaria profesional y tremenda persona. La conozco hace m\u00e1s de diez a\u00f1os la he visto de cerca trabajar muy duro sin parar por el derecho que tiene todas las mujeres y ni\u00f1as a vivir libres de violencia desde las organizaciones en el servicio directo, los albergues, las comunidades rurales, las pol\u00edticas p\u00fablicas y en muchos otros espacios en y fuera de Puerto Rico. Estoy Orgulloso de llamarle colega, amiga y hermana de tantas luchas. No tengo duda que que es la persona correcta para esa posici\u00f3n y espero que la legislatura haga lo correcto y la confirme. Las mujeres y la OPM estar\u00e1n en buenas manos\u00bb, agreg\u00f3.<\/p>\n<blockquote class=\"instagram-media\" data-instgrm-captioned data-instgrm-permalink=\"https:\/\/www.instagram.com\/p\/CnKTotdLWK8\/?utm_source=ig_embed&amp;utm_campaign=loading\" data-instgrm-version=\"14\" style=\" background:#FFF; border:0; border-radius:3px; box-shadow:0 0 1px 0 rgba(0,0,0,0.5),0 1px 10px 0 rgba(0,0,0,0.15); margin: 1px; max-width:540px; min-width:326px; padding:0; width:99.375%; width:-webkit-calc(100% - 2px); width:calc(100% - 2px);\">\n<div style=\"padding:16px;\"> <a href=\"https:\/\/www.instagram.com\/p\/CnKTotdLWK8\/?utm_source=ig_embed&amp;utm_campaign=loading\" style=\" background:#FFFFFF; line-height:0; padding:0 0; text-align:center; text-decoration:none; width:100%;\" target=\"_blank\"> <\/p>\n<div style=\" display: flex; flex-direction: row; align-items: center;\">\n<div style=\"background-color: #F4F4F4; border-radius: 50%; flex-grow: 0; height: 40px; margin-right: 14px; width: 40px;\"><\/div>\n<div style=\"display: flex; flex-direction: column; flex-grow: 1; justify-content: center;\">\n<div style=\" background-color: #F4F4F4; border-radius: 4px; flex-grow: 0; height: 14px; margin-bottom: 6px; width: 100px;\"><\/div>\n<div style=\" background-color: #F4F4F4; border-radius: 4px; flex-grow: 0; height: 14px; width: 60px;\"><\/div>\n<\/div>\n<\/div>\n<div style=\"padding: 19% 0;\"><\/div>\n<div style=\"display:block; height:50px; margin:0 auto 12px; width:50px;\"><svg width=\"50px\" height=\"50px\" viewbox=\"0 0 60 60\" version=\"1.1\" xmlns=\"https:\/\/www.w3.org\/2000\/svg\" xmlns:xlink=\"https:\/\/www.w3.org\/1999\/xlink\"><g stroke=\"none\" stroke-width=\"1\" fill=\"none\" fill-rule=\"evenodd\"><g transform=\"translate(-511.000000, -20.000000)\" fill=\"#000000\"><g><path d=\"M556.869,30.41 C554.814,30.41 553.148,32.076 553.148,34.131 C553.148,36.186 554.814,37.852 556.869,37.852 C558.924,37.852 560.59,36.186 560.59,34.131 C560.59,32.076 558.924,30.41 556.869,30.41 M541,60.657 C535.114,60.657 530.342,55.887 530.342,50 C530.342,44.114 535.114,39.342 541,39.342 C546.887,39.342 551.658,44.114 551.658,50 C551.658,55.887 546.887,60.657 541,60.657 M541,33.886 C532.1,33.886 524.886,41.1 524.886,50 C524.886,58.899 532.1,66.113 541,66.113 C549.9,66.113 557.115,58.899 557.115,50 C557.115,41.1 549.9,33.886 541,33.886 M565.378,62.101 C565.244,65.022 564.756,66.606 564.346,67.663 C563.803,69.06 563.154,70.057 562.106,71.106 C561.058,72.155 560.06,72.803 558.662,73.347 C557.607,73.757 556.021,74.244 553.102,74.378 C549.944,74.521 548.997,74.552 541,74.552 C533.003,74.552 532.056,74.521 528.898,74.378 C525.979,74.244 524.393,73.757 523.338,73.347 C521.94,72.803 520.942,72.155 519.894,71.106 C518.846,70.057 518.197,69.06 517.654,67.663 C517.244,66.606 516.755,65.022 516.623,62.101 C516.479,58.943 516.448,57.996 516.448,50 C516.448,42.003 516.479,41.056 516.623,37.899 C516.755,34.978 517.244,33.391 517.654,32.338 C518.197,30.938 518.846,29.942 519.894,28.894 C520.942,27.846 521.94,27.196 523.338,26.654 C524.393,26.244 525.979,25.756 528.898,25.623 C532.057,25.479 533.004,25.448 541,25.448 C548.997,25.448 549.943,25.479 553.102,25.623 C556.021,25.756 557.607,26.244 558.662,26.654 C560.06,27.196 561.058,27.846 562.106,28.894 C563.154,29.942 563.803,30.938 564.346,32.338 C564.756,33.391 565.244,34.978 565.378,37.899 C565.522,41.056 565.552,42.003 565.552,50 C565.552,57.996 565.522,58.943 565.378,62.101 M570.82,37.631 C570.674,34.438 570.167,32.258 569.425,30.349 C568.659,28.377 567.633,26.702 565.965,25.035 C564.297,23.368 562.623,22.342 560.652,21.575 C558.743,20.834 556.562,20.326 553.369,20.18 C550.169,20.033 549.148,20 541,20 C532.853,20 531.831,20.033 528.631,20.18 C525.438,20.326 523.257,20.834 521.349,21.575 C519.376,22.342 517.703,23.368 516.035,25.035 C514.368,26.702 513.342,28.377 512.574,30.349 C511.834,32.258 511.326,34.438 511.181,37.631 C511.035,40.831 511,41.851 511,50 C511,58.147 511.035,59.17 511.181,62.369 C511.326,65.562 511.834,67.743 512.574,69.651 C513.342,71.625 514.368,73.296 516.035,74.965 C517.703,76.634 519.376,77.658 521.349,78.425 C523.257,79.167 525.438,79.673 528.631,79.82 C531.831,79.965 532.853,80.001 541,80.001 C549.148,80.001 550.169,79.965 553.369,79.82 C556.562,79.673 558.743,79.167 560.652,78.425 C562.623,77.658 564.297,76.634 565.965,74.965 C567.633,73.296 568.659,71.625 569.425,69.651 C570.167,67.743 570.674,65.562 570.82,62.369 C570.966,59.17 571,58.147 571,50 C571,41.851 570.966,40.831 570.82,37.631\"><\/path><\/g><\/g><\/g><\/svg><\/div>\n<div style=\"padding-top: 8px;\">\n<div style=\" color:#3897f0; font-family:Arial,sans-serif; font-size:14px; font-style:normal; font-weight:550; line-height:18px;\">View this post on Instagram<\/div>\n<\/div>\n<div style=\"padding: 12.5% 0;\"><\/div>\n<div style=\"display: flex; flex-direction: row; margin-bottom: 14px; align-items: center;\">\n<div>\n<div style=\"background-color: #F4F4F4; border-radius: 50%; height: 12.5px; width: 12.5px; transform: translateX(0px) translateY(7px);\"><\/div>\n<div style=\"background-color: #F4F4F4; height: 12.5px; transform: rotate(-45deg) translateX(3px) translateY(1px); width: 12.5px; flex-grow: 0; margin-right: 14px; margin-left: 2px;\"><\/div>\n<div style=\"background-color: #F4F4F4; border-radius: 50%; height: 12.5px; width: 12.5px; transform: translateX(9px) translateY(-18px);\"><\/div>\n<\/div>\n<div style=\"margin-left: 8px;\">\n<div style=\" background-color: #F4F4F4; border-radius: 50%; flex-grow: 0; height: 20px; width: 20px;\"><\/div>\n<div style=\" width: 0; height: 0; border-top: 2px solid transparent; border-left: 6px solid #f4f4f4; border-bottom: 2px solid transparent; transform: translateX(16px) translateY(-4px) rotate(30deg)\"><\/div>\n<\/div>\n<div style=\"margin-left: auto;\">\n<div style=\" width: 0px; border-top: 8px solid #F4F4F4; border-right: 8px solid transparent; transform: translateY(16px);\"><\/div>\n<div style=\" background-color: #F4F4F4; flex-grow: 0; height: 12px; width: 16px; transform: translateY(-4px);\"><\/div>\n<div style=\" width: 0; height: 0; border-top: 8px solid #F4F4F4; border-left: 8px solid transparent; transform: translateY(-4px) translateX(8px);\"><\/div>\n<\/div>\n<\/div>\n<div style=\"display: flex; flex-direction: column; flex-grow: 1; justify-content: center; margin-bottom: 24px;\">\n<div style=\" background-color: #F4F4F4; border-radius: 4px; flex-grow: 0; height: 14px; margin-bottom: 6px; width: 224px;\"><\/div>\n<div style=\" background-color: #F4F4F4; border-radius: 4px; flex-grow: 0; height: 14px; width: 144px;\"><\/div>\n<\/div>\n<p><\/a><\/p>\n<p style=\" color:#c9c8cd; font-family:Arial,sans-serif; font-size:14px; line-height:17px; margin-bottom:0; margin-top:8px; overflow:hidden; padding:8px 0 7px; text-align:center; text-overflow:ellipsis; white-space:nowrap;\"><a href=\"https:\/\/www.instagram.com\/p\/CnKTotdLWK8\/?utm_source=ig_embed&amp;utm_campaign=loading\" style=\" color:#c9c8cd; font-family:Arial,sans-serif; font-size:14px; font-style:normal; font-weight:normal; line-height:17px; text-decoration:none;\" target=\"_blank\">A post shared by Marcos Santana-Andu\u0301jar (@marcossantanapr)<\/a><\/p>\n<\/div>\n<\/blockquote>\n<p> <script async src=\"\/\/www.instagram.com\/embed.js\"><\/script><\/p>\n<p>Rivera Sierra lleva 18 a\u00f1os al frente del Hogar Nueva Mujer Santa Mar\u00eda de la Merced en Cayey y 12 liderando la Red de Albergues de Violencia Dom\u00e9stica. Tambi\u00e9n form\u00f3 parte del Comit\u00e9 de Prevenci\u00f3n, Apoyo, Rescate y Educaci\u00f3n de la Violencia de G\u00e9nero (Comit\u00e9 PARE), as\u00ed como del subcomit\u00e9 de Servicios.<\/p><div class=\"notic-content-middle\" id=\"notic-97451864\"><div class=\"notic-adlabel\">Advertisements<\/div><a data-no-instant=\"1\" href=\"https:\/\/qrco.de\/bgxd5v\" rel=\"noopener\" class=\"a2t-link\" target=\"_blank\" aria-label=\"DisplayAd-728&#215;903\"><img loading=\"lazy\" decoding=\"async\" src=\"https:\/\/cdn.noticel.com\/2026\/09\/02195509\/DisplayAd-728x903-1.jpg\" alt=\"\"  srcset=\"https:\/\/cdn.noticel.com\/2026\/09\/02195509\/DisplayAd-728x903-1.jpg 728w, https:\/\/cdn.noticel.com\/2026\/09\/02195509\/DisplayAd-728x903-1-300x37.jpg 300w, https:\/\/cdn.noticel.com\/2026\/09\/02195509\/DisplayAd-728x903-1-18x2.jpg 18w\" sizes=\"(max-width: 728px) 100vw, 728px\" width=\"728\" height=\"90\"   \/><\/a><\/div>\n<p>Mientras, el Hogar Nueva Mujer, tambi\u00e9n celebr\u00f3 el nombramiento de quien fuera su directora.<\/p>\n<p>\u00bbCon mucha alegr\u00eda y orgullo compartimos la designaci\u00f3n de Vilmarie Rivera Sierra como la nueva Procuradora de las Mujeres. Vilmarie labor\u00f3 por 18 a\u00f1os como Directora Ejecutiva en nuestra organizaci\u00f3n. Una mujer solidaria y comprometida con la erradicaci\u00f3n de la Violencia de G\u00e9nero en todas sus manifestaciones\u00bb, comparti\u00f3 la organizaci\u00f3n en su p\u00e1gina de Facebook.<\/p>\n<p><iframe loading=\"lazy\" src=\"https:\/\/www.facebook.com\/plugins\/post.php?href=https%3A%2F%2Fwww.facebook.com%2Fhogarnm%2Fposts%2Fpfbid02BErXKcaxHEJ6csi7JfJUg1iMMvqGcvaWtAJ47oPqn6yq3rhdGwNcT5zWurxV1Jahl&#038;show_text=true&#038;width=500\" width=\"500\" height=\"795\" style=\"border:none;overflow:hidden\" scrolling=\"no\" frameborder=\"0\" allowfullscreen=\"true\" allow=\"autoplay; clipboard-write; encrypted-media; picture-in-picture; web-share\"><\/iframe><\/p>\n<p>\u00bbA nombre de todo tu equipo de trabajo, Junta de Directores, voluntarios y sobre todo participantes de servicios te damos las GRACIAS por toda tu dedicaci\u00f3n. Sabemos que de donde est\u00e9s pondr\u00e1s tu granito de arena para el bienestar de las mujeres y sus hijos en Puerto Rico\u00bb, sentenci\u00f3.<\/p>\n<p>Pierluisi Urrutia hab\u00eda dicho el pasado mes de noviembre que esperar\u00eda al receso legislativo para designar a una nueva Procuradora de la Mujer, debido a que, en ese momento, no ten\u00eda sentido enviar un nombramiento a la Legislatura cuando apenas quedaban d\u00edas para culminar la sesi\u00f3n.<\/p>\n<p>La Legislatura reinicia sus labores el lunes.<\/p>\n<p>Sin embargo, al ser el nombramiento en receso legislativo del Senado, entra en vigor inmediatamente.<\/p>\n<p>El presidente del Senado, Jos\u00e9 Luis Dalmau Santiago, dijo que el nombramiento de Rivera Sierra \u00bbser\u00e1 atendido con la amplitud, profundidad y, al mismo tiempo, celeridad\u00bb.<\/p>\n<p>\u00bbHe impartido instrucciones al personal de la Comisi\u00f3n de Nombramientos del Senado para que de manera inmediata comience la solicitud de informaci\u00f3n a la nominada y a auscultar las personas y entidades con inter\u00e9s para deponer en la consideraci\u00f3n del nombramiento de la Sra. Vilmarie Rivera Sierra\u00bb, apunt\u00f3 Dalmau Santiago en declaraciones escritas.<\/p>\n<p>El l\u00edder de la C\u00e1mara alta critic\u00f3 que haya pasado tanto tiempo sin una procuradora de las mujeres en medio de una emergencia nacional por violencia de g\u00e9nero.<\/p>\n<p>\u00bbPuerto Rico enfrenta una emergencia ante la incidencia de casos de violencia de g\u00e9nero desde hace varios a\u00f1os. El Senado de Puerto Rico decret\u00f3 dicha emergencia temprano en el 2021, y se le ha pedido al Gobernador, en varias ocasiones, que nombrase una persona al cargo desde que surgi\u00f3 la vacante el a\u00f1o pasado\u00bb, dijo Dalmau Santiago.<\/p>\n<p>\u00bbHa sido una actitud irresponsable del gobernador Pierluisi. Ese tiempo perdido en inacci\u00f3n le ha costado mucho a las mujeres en nuestro pa\u00eds. La responsabilidad nos corresponde a todos y el espacio legislativo fomentar\u00e1 una evaluaci\u00f3n de manera que no se repita la historia\u00bb, se\u00f1al\u00f3 el tambi\u00e9n presidente del Partido Popular Democr\u00e1tico.<\/p>\n<p><strong id=\"strong-ff281c5ccdb55741a942c62639609a07\">Lea tambi\u00e9n:<\/strong> <a href=\"https:\/\/noticel.com\/en\/legislatura\/ahora\/top-stories\/20230107\/trs-pide-a-mujeres-pnp-y-jefas-de-agencia-se-pronuncien-sobre-procuradora-de-la-mujer\/\" id=\"link-a568ccc1620e3fe8888621656c8e759b\">TRS pide a mujeres PNP y jefas de agencia se pronuncien sobre Procuradora de la Mujer<\/a><\/p>\n<p>Por su parte, el portavoz de la minor\u00eda novoprogresista en el Senado, Thomas Rivera Schatz, hab\u00eda pedido el s\u00e1bado a legisladoras y mujeres del Parrtido Nuevo Progresista en general a expresarse sobre esa designaci\u00f3n.<\/p>\n<p>\u00bbCon mucho respeto pido a todas las mujeres electas del Partido Nuevo Progresista, enti\u00e9ndase, nuestra Comisionada Residente, alcaldesas y legisladoras municipales, senadoras y compa\u00f1eras de la C\u00e1mara se expresen al respecto. \u00a1Las secretarias de Gabinete y jefas de agencia tambi\u00e9n deben expresarse! \u00a1Para que el r\u00e9cord quede claro! \u00a1El silencio no puede ser opci\u00f3n!\u201d, manifest\u00f3 el senador en su acostumbrado mensaje \u00bbBuenos D\u00edas Puerto Rico\u00bb<\/p>\n<p>Adem\u00e1s de agregar que se deben escuchar a las organizaciones \u00bbque se llaman &#8216;feministas\u00bb&#8217;, record\u00f3 tambi\u00e9n que \u201cHay 14 mujeres electas en el Senado y un total de 17 senadores de oposici\u00f3n. Ambos grupos suficientes para confirmar a una Procuradora de la Mujer. Que cada cual, Fortaleza y Legislatura, asuma su responsabilidad \u00a1como tiene que ser!\u201d, subray\u00f3.<\/p>","protected":false},"excerpt":{"rendered":"<p>Organizaciones feministas aprueban su designaci\u00f3n. La designaci\u00f3n por parte del gobernador Pedro Pierluisi Urrutia de Vilmarie Rivera Sierra como Procuradora de las Mujeres parece tener la aprobaci\u00f3n de distintas organizaciones feministas y tambi\u00e9n de la presidenta de la Comisi\u00f3n de Asuntos de la Mujer en el senado, Migdalia Gonz\u00e1lez Arroyo. Pierluisi Urrutia hizo el anuncio [&hellip;]<\/p>","protected":false},"author":0,"featured_media":270828,"comment_status":"closed","ping_status":"closed","sticky":false,"template":"","format":"standard","meta":{"_acf_changed":false,"_monsterinsights_skip_tracking":false,"ep_exclude_from_search":false,"footnotes":""},"categories":[2],"tags":[],"class_list":["post-188230","post","type-post","status-publish","format-standard","has-post-thumbnail","hentry","category-ultima-hora"],"acf":[],"aioseo_notices":[],"_links":{"self":[{"href":"https:\/\/noticel.com\/en\/wp-json\/wp\/v2\/posts\/188230","targetHints":{"allow":["GET"]}}],"collection":[{"href":"https:\/\/noticel.com\/en\/wp-json\/wp\/v2\/posts"}],"about":[{"href":"https:\/\/noticel.com\/en\/wp-json\/wp\/v2\/types\/post"}],"replies":[{"embeddable":true,"href":"https:\/\/noticel.com\/en\/wp-json\/wp\/v2\/comments?post=188230"}],"version-history":[{"count":1,"href":"https:\/\/noticel.com\/en\/wp-json\/wp\/v2\/posts\/188230\/revisions"}],"predecessor-version":[{"id":270829,"href":"https:\/\/noticel.com\/en\/wp-json\/wp\/v2\/posts\/188230\/revisions\/270829"}],"wp:featuredmedia":[{"embeddable":true,"href":"https:\/\/noticel.com\/en\/wp-json\/wp\/v2\/media\/270828"}],"wp:attachment":[{"href":"https:\/\/noticel.com\/en\/wp-json\/wp\/v2\/media?parent=188230"}],"wp:term":[{"taxonomy":"category","embeddable":true,"href":"https:\/\/noticel.com\/en\/wp-json\/wp\/v2\/categories?post=188230"},{"taxonomy":"post_tag","embeddable":true,"href":"https:\/\/noticel.com\/en\/wp-json\/wp\/v2\/tags?post=188230"}],"curies":[{"name":"wp","href":"https:\/\/api.w.org\/{rel}","templated":true}]}}