{"id":188184,"date":"2023-01-07T10:47:25","date_gmt":"2023-01-07T14:47:25","guid":{"rendered":"https:\/\/www.noticel.com\/ahora\/legislatura\/top-stories\/20230107\/trs-pide-a-mujeres-pnp-y-jefas-de-agencia-se-pronuncien-sobre-procuradora-de-la-mujer\/"},"modified":"2025-07-12T14:08:05","modified_gmt":"2025-07-12T14:08:05","slug":"trs-pide-a-mujeres-pnp-y-jefas-de-agencia-se-pronuncien-sobre-procuradora-de-la-mujer","status":"publish","type":"post","link":"https:\/\/noticel.com\/en\/ultima-hora\/20230107\/trs-pide-a-mujeres-pnp-y-jefas-de-agencia-se-pronuncien-sobre-procuradora-de-la-mujer\/","title":{"rendered":"TRS pide a mujeres PNP y jefas de agencia se pronuncien sobre Procuradora de la Mujer"},"content":{"rendered":"<h3>El portavoz de ese partido en el Senado, Thomas Rivera Schatz, afirma que ninguna debe quedarse callada y aunque solo votan las senadoras, pide la opini\u00f3n de todas.<\/h3>\n<p>El portavoz del Partido Nuevo Progresista (PNP) en el Senado, Thomas Rivera Schatz, pidi\u00f3 hoy a las mujeres electas por su partido a que se expresen en cuanto al cargo de la Procuradora de las Mujeres porque \u201cel silencio no puede ser opci\u00f3n\u201d.<\/p>\n<p>Rivera Schatz, en su acostumbrado mensaje \u201cBuenos d\u00edas Puerto Rico\u201d en Facebook, dijo que el gobernador, Pedro Pierluisi Urrutia, anunciar\u00e1 pronto la designaci\u00f3n de una Procuradora de la Mujer.<\/p>\n<p>\u201cToda la ciudadan\u00eda deber\u00eda expresarse y opinar sobre esa designaci\u00f3n. Ese es su derecho y fomentar\u00eda una discusi\u00f3n amplia sobre la designaci\u00f3n. No obstante, con mucho respeto pido a todas las mujeres electas del Partido Nuevo Progresista, enti\u00e9ndase, nuestra Comisionada Residente, alcaldesas y legisladoras municipales, senadoras y compa\u00f1eras de la C\u00e1mara se expresen al respecto. \u00a1Las secretarias de Gabinete y jefas de agencia tambi\u00e9n deben expresarse! \u00a1Para que el r\u00e9cord quede claro! \u00a1El silencio no puede ser opci\u00f3n!\u201d, manifest\u00f3 el senador.<\/p>\n<p>Lea tambi\u00e9n:<a href=\"https:\/\/noticel.com\/en\/ahora\/gobierno\/20221130\/rivera-lassen-hace-llamado-para-que-haya-mas-fiscalizacion-por-parte-de-la-oficina-de-la-mujer\/\" id=\"link-22eef05b82f6dbc127da56c48cdb5310\" target=\"_blank\"> Rivera Lass\u00e9n pide m\u00e1s fiscalizaci\u00f3n de la Oficina de la Procuradora de la Mujer<\/a><\/p>\n<p>Pierluisi Urrutia hab\u00eda dicho el pasado mes de noviembre que esperar\u00eda al receso legislativo para designar a una nueva Procuradora de la Mujer, debido a que, en ese momento, no ten\u00eda sentido enviar un nombramiento a la Legislatura cuando apenas quedaban d\u00edas para culminar la sesi\u00f3n.<\/p>\n<p>\u201cEscucharemos, con respeto, tambi\u00e9n a la oposici\u00f3n, especialmente a ciertas organizaciones que se llaman \u2018feministas\u2019 pero son realmente pol\u00edticas, expresarse sobre la designada, como es su derecho. Al escucharlas, pues sabremos qu\u00e9 es lo que hay y que es lo que habr\u00e1 desde esa posici\u00f3n\u201d, indic\u00f3.<\/p>\n<p>\u201cHay 14 mujeres electas en el Senado y un total de 17 senadores de oposici\u00f3n. Ambos grupos suficientes para confirmar a una Procuradora de la Mujer. Que cada cual, Fortaleza y Legislatura, asuma su responsabilidad \u00a1como tiene que ser!\u201d, concluy\u00f3.<\/p><div class=\"notic-content-middle\" id=\"notic-2041764081\"><div class=\"notic-adlabel\">Advertisements<\/div><a data-no-instant=\"1\" href=\"https:\/\/www.cst.pr.gov\/\" rel=\"noopener\" class=\"a2t-link\" target=\"_blank\" aria-label=\"970&#215;90\"><img loading=\"lazy\" decoding=\"async\" src=\"https:\/\/cdn.noticel.com\/2026\/09\/02204026\/970x90-1.jpg\" alt=\"\"  srcset=\"https:\/\/cdn.noticel.com\/2026\/09\/02204026\/970x90-1.jpg 970w, https:\/\/cdn.noticel.com\/2026\/09\/02204026\/970x90-1-300x28.jpg 300w, https:\/\/cdn.noticel.com\/2026\/09\/02204026\/970x90-1-768x71.jpg 768w, https:\/\/cdn.noticel.com\/2026\/09\/02204026\/970x90-1-18x2.jpg 18w\" sizes=\"(max-width: 970px) 100vw, 970px\" width=\"970\" height=\"90\"   \/><\/a><\/div>\n<p>Lea m\u00e1s en: <a href=\"https:\/\/noticel.com\/en\/la-calle\/gobierno\/ahora\/top-stories\/20230106\/opm-fomentara-que-la-ciudadania-denuncie-mas-los-actos-de-violencia-de-genero\/\" id=\"link-64f57b22f7aed7e6bbf5f4e745b5e8aa\" target=\"_blank\">OPM fomentar\u00e1 que la ciudadan\u00eda denuncie m\u00e1s los actos de violencia de g\u00e9nero<\/a><\/p>\n<p>La soci\u00f3loga Madeline Berm\u00fadez Sanabria es la actual procuradora interina.<\/p>\n<p>En noviembre pasado, grupo de organizaciones de mujeres publicaron los nombres de las dos candidatas al puesto de Procuradora de las Mujeres que sometieron el pasado mes de septiembre para consideraci\u00f3n del gobernador Pierluisi Urrutia y lo exhortaron a entrevistarlas y considerarlas para el puesto.<\/p>\n<p>Las candidatas nominadas mediante carta dirigida al Gobernador son:<\/p>\n<p>Aunque la sesi\u00f3n legislativa comienza este lunes, el Gobernador a\u00fan tendr\u00eda hoy y ma\u00f1ana para anunciar el nombramiento en receso.<\/p>\n<p>Lea: <a href=\"https:\/\/noticel.com\/en\/legislatura\/ahora\/gobierno\/20220810\/ultimatum-de-rivera-schatz-por-nombramiento-de-procuradora-de-la-mujer\/\" id=\"link-10d2962eb3253d59d25f220dff2fc2b8\" target=\"_blank\">Ultim\u00e1tum de Rivera Schatz a Fortaleza por nombramiento de Procuradora de la Mujer<\/a><\/p>","protected":false},"excerpt":{"rendered":"<p>El portavoz de ese partido en el Senado, Thomas Rivera Schatz, afirma que ninguna debe quedarse callada y aunque solo votan las senadoras, pide la opini\u00f3n de todas. El portavoz del Partido Nuevo Progresista (PNP) en el Senado, Thomas Rivera Schatz, pidi\u00f3 hoy a las mujeres electas por su partido a que se expresen en [&hellip;]<\/p>","protected":false},"author":0,"featured_media":270922,"comment_status":"closed","ping_status":"closed","sticky":false,"template":"","format":"standard","meta":{"_acf_changed":false,"_monsterinsights_skip_tracking":false,"ep_exclude_from_search":false,"footnotes":""},"categories":[5,2],"tags":[],"class_list":["post-188184","post","type-post","status-publish","format-standard","has-post-thumbnail","hentry","category-legislatura","category-ultima-hora"],"acf":[],"aioseo_notices":[],"_links":{"self":[{"href":"https:\/\/noticel.com\/en\/wp-json\/wp\/v2\/posts\/188184","targetHints":{"allow":["GET"]}}],"collection":[{"href":"https:\/\/noticel.com\/en\/wp-json\/wp\/v2\/posts"}],"about":[{"href":"https:\/\/noticel.com\/en\/wp-json\/wp\/v2\/types\/post"}],"replies":[{"embeddable":true,"href":"https:\/\/noticel.com\/en\/wp-json\/wp\/v2\/comments?post=188184"}],"version-history":[{"count":1,"href":"https:\/\/noticel.com\/en\/wp-json\/wp\/v2\/posts\/188184\/revisions"}],"predecessor-version":[{"id":270923,"href":"https:\/\/noticel.com\/en\/wp-json\/wp\/v2\/posts\/188184\/revisions\/270923"}],"wp:featuredmedia":[{"embeddable":true,"href":"https:\/\/noticel.com\/en\/wp-json\/wp\/v2\/media\/270922"}],"wp:attachment":[{"href":"https:\/\/noticel.com\/en\/wp-json\/wp\/v2\/media?parent=188184"}],"wp:term":[{"taxonomy":"category","embeddable":true,"href":"https:\/\/noticel.com\/en\/wp-json\/wp\/v2\/categories?post=188184"},{"taxonomy":"post_tag","embeddable":true,"href":"https:\/\/noticel.com\/en\/wp-json\/wp\/v2\/tags?post=188184"}],"curies":[{"name":"wp","href":"https:\/\/api.w.org\/{rel}","templated":true}]}}