{"id":18401,"date":"2018-07-19T00:00:00","date_gmt":"2018-07-19T04:00:00","guid":{"rendered":"http:\/\/www.noticel.com\/ahora\/pnp\/politica\/top-stories\/20180719\/crisis-de-credibilidad-trastoca-el-discurso-de-estadidad-de-rossello\/"},"modified":"2025-07-16T17:21:49","modified_gmt":"2025-07-16T17:21:49","slug":"crisis-de-credibilidad-trastoca-el-discurso-de-estadidad-de-rossello","status":"publish","type":"post","link":"https:\/\/noticel.com\/en\/ultima-hora\/20180719\/crisis-de-credibilidad-trastoca-el-discurso-de-estadidad-de-rossello\/","title":{"rendered":"Crisis de credibilidad trastoca el discurso de estadidad de Rossell\u00f3"},"content":{"rendered":"<p><i>La NAACP cambia su postura.<\/i><\/p>\n<p>La crisis de credibilidad que ronda al gobernador Ricardo Rossell\u00f3 Nevares en los \u00faltimos d\u00edas se extiende hasta su lucha por la anexi\u00f3n de Puerto Rico a los Estados Unidos, principal atractivo de los ciudadanos que le dieron su voto durante la pasada campa\u00f1a electoral.<\/p>\n<p>En medio de esc\u00e1ndalos por la contrataci\u00f3n de un director ejecutivo de la Autoridad de Energ\u00eda Electrica (AEE) con sueldo de $750,000 que no dur\u00f3 ni 24 horas en el cargo y bajo cuestionamientos p\u00fablicos por la compra de una guagua blindada por $245,000; ahora, la Asociaci\u00f3n Nacional para el Progreso de las Personas de Color (NAACP, por sus siglas en ingles) aclar\u00f3 su postura respecto a la posible anexi\u00f3n de Puerto Rico.<\/p>\n<p><strong>Mira<\/strong>: <a href=\"https:\/\/noticel.com\/en\/ahora\/gobierno\/guagua-blindada-para-rossello-fue-evaluada-durante-emergencia-de-maria\/769881158\/\">La guagua blindada para Rossell\u00f3<\/a><\/p>\n<p>Las declaraciondes de la NAACP se dan luego de que Rossell\u00f3 Nevares asegurara en declaraciones escritas que logr\u00f3 el aval de la organizaci\u00f3n para la estadidad. &#8216;La NAACP aprob\u00f3 una resoluci\u00f3n a favor de la estadidad que apoya firmemente la aprobaci\u00f3n del Acta de Admisi\u00f3n de Puerto Rico, HR 6246 en el Congreso&#8217;, sostuvo el Gobernador en declaraciones escritas a principios de esta semana.<\/p>\n<p>Rossell\u00f3 Nevares se refiri\u00f3 a la resoluci\u00f3n de emergencia #4 de la NAACP presentada durante la Convenci\u00f3n Anual de la organizaci\u00f3n. La misma no fue divulgada a\u00fan en la web de la NAACP pues solo compartieron las <a href=\"http:\/\/www.naacp.org\/wp-content\/uploads\/2016\/10\/2018-Resolutions-to-be-reviewed-by-Convention-Delegates-Final.pdf\" target=\"_blank\">resoluciones<\/a> sometidas para discutir durante la Convenci\u00f3n.<\/p><div class=\"notic-content-middle\" id=\"notic-3894537434\"><div class=\"notic-adlabel\">Advertisements<\/div><a data-no-instant=\"1\" href=\"https:\/\/qrco.de\/bgxd5v\" rel=\"noopener\" class=\"a2t-link\" target=\"_blank\" aria-label=\"300X600-SEBUSCA3\"><img loading=\"lazy\" decoding=\"async\" src=\"https:\/\/cdn.noticel.com\/2026\/09\/02194515\/300X600-SEBUSCA3.jpg\" alt=\"\"  srcset=\"https:\/\/cdn.noticel.com\/2026\/09\/02194515\/300X600-SEBUSCA3.jpg 300w, https:\/\/cdn.noticel.com\/2026\/09\/02194515\/300X600-SEBUSCA3-150x300.jpg 150w, https:\/\/cdn.noticel.com\/2026\/09\/02194515\/300X600-SEBUSCA3-6x12.jpg 6w\" sizes=\"(max-width: 300px) 100vw, 300px\" width=\"300\" height=\"600\"   \/><\/a><\/div>\n<p><img decoding=\"async\" embed-content-articleid=\"770412563\" embed-content-groupid=\"593030471\" embed-content-id=\"770412563\" embed-content-imgalign=\"none\" embed-content-index=\"0\" embed-content-location=\"input_story-body\" embed-content-type=\"PHOTO\" src=\"https:\/\/media.noticel.com\/o2com-noti-media-us-east-1\/photo\/2018\/07\/19\/NAACP%20Emergency%20Resolution%204_1532028287158.jpg_12470938_ver1.0_640_360.jpg\" style=\"width:100%;\"\/><\/p>\n<p>Sin embargo, la organizaci\u00f3n aclar\u00f3, <a href=\"https:\/\/www.naacp.org\/latest\/puerto-rico-self-determination-statement\/\">mediante su portal<\/a>, que no apoya la anexi\u00f3n sino que fomenta la libre determinaci\u00f3n del pueblo puertorrique\u00f1o.<\/p>\n<p>&#8216;Puerto Rico debe tener la libertad de decidir su opci\u00f3n preferida de manera justa e inclusiva&#8217;, sostiene la NAACP sobre el estatus de Puerto Rico.<\/p>\n<p>Un video de la convenci\u00f3n anual de la NAACP, muestra a su presidente Leon W. Russell confirm\u00e1ndoles al gobernador Rossell\u00f3 su posici\u00f3n de que &#8216;Puerto Rico debe obtener la estadidad de inmediato&#8217;.<\/p>\n<p>{&#8216;html&#8217;:&#8217;nlt;iframe width=&#8217; 480&#8242; height=&#8217;270&#8242; src=&#8217;https:\/\/www.youtube.com\/embed\/tl6BUHbQM1k?feature=oembed&#8217; frameborder=&#8217;0&#8242; allowfullscreen=&#8217;allowfullscreen&#8217;gt;lt;\/iframegt;n&#8217;,&#8217;version&#8217;:&#8217;1.0&#8242;,&#8217;thumbnail_width&#8217;:480,&#8217;thumbnail_url&#8217;:&#8217;https:\/\/i.ytimg.com\/vi\/tl6BUHbQM1k\/hqdefault.jpg&#8217;,&#8217;height&#8217;:270,&#8217;width&#8217;:480,&#8217;provider_name&#8217;:&#8217;YouTube&#8217;,&#8217;author_name&#8217;:&#8217;LuisAnthony40HD&#8217;,&#8217;url&#8217;:&#8217;https:\/\/youtu.be\/tl6BUHbQM1k&#8217;,&#8217;title&#8217;:&#8217;Ricardo Rossell\u00f3 Governor of Puerto Rico At The 109th Annual NAACP Convention&#8217;,&#8217;type&#8217;:&#8217;video&#8217;,&#8217;provider_url&#8217;:&#8217;https:\/\/www.youtube.com\/&#8217;,&#8217;thumbnail_height&#8217;:360,&#8217;author_url&#8217;:&#8217;https:\/\/www.youtube.com\/user\/LuisAnthony40HD&#8217;}<\/p>\n<p>El supuesto aval de la organizaci\u00f3n fue criticado por varias figuras p\u00fablicas, entre ellas la alcaldesa de San Juan, Carmen Yul\u00edn Cruz.<\/p>\n<p>Rossell\u00f3 Nevares ha sido cuestionado por alegar no tener los detalles completos en situaciones como la de la compra del veh\u00edculo mencionado anteriormente, donde sostuvo que pese a que estuvo de acuerdo con la adquisici\u00f3n, no conoc\u00eda el costo del mismo.<\/p>","protected":false},"excerpt":{"rendered":"<p>La NAACP cambia su postura. La crisis de credibilidad que ronda al gobernador Ricardo Rossell\u00f3 Nevares en los \u00faltimos d\u00edas se extiende hasta su lucha por la anexi\u00f3n de Puerto Rico a los Estados Unidos, principal atractivo de los ciudadanos que le dieron su voto durante la pasada campa\u00f1a electoral. En medio de esc\u00e1ndalos por [&hellip;]<\/p>","protected":false},"author":0,"featured_media":462583,"comment_status":"closed","ping_status":"closed","sticky":false,"template":"","format":"standard","meta":{"_acf_changed":false,"_monsterinsights_skip_tracking":false,"ep_exclude_from_search":false,"footnotes":""},"categories":[7,2],"tags":[],"class_list":["post-18401","post","type-post","status-publish","format-standard","has-post-thumbnail","hentry","category-politica","category-ultima-hora"],"acf":[],"aioseo_notices":[],"_links":{"self":[{"href":"https:\/\/noticel.com\/en\/wp-json\/wp\/v2\/posts\/18401","targetHints":{"allow":["GET"]}}],"collection":[{"href":"https:\/\/noticel.com\/en\/wp-json\/wp\/v2\/posts"}],"about":[{"href":"https:\/\/noticel.com\/en\/wp-json\/wp\/v2\/types\/post"}],"replies":[{"embeddable":true,"href":"https:\/\/noticel.com\/en\/wp-json\/wp\/v2\/comments?post=18401"}],"version-history":[{"count":1,"href":"https:\/\/noticel.com\/en\/wp-json\/wp\/v2\/posts\/18401\/revisions"}],"predecessor-version":[{"id":462586,"href":"https:\/\/noticel.com\/en\/wp-json\/wp\/v2\/posts\/18401\/revisions\/462586"}],"wp:featuredmedia":[{"embeddable":true,"href":"https:\/\/noticel.com\/en\/wp-json\/wp\/v2\/media\/462583"}],"wp:attachment":[{"href":"https:\/\/noticel.com\/en\/wp-json\/wp\/v2\/media?parent=18401"}],"wp:term":[{"taxonomy":"category","embeddable":true,"href":"https:\/\/noticel.com\/en\/wp-json\/wp\/v2\/categories?post=18401"},{"taxonomy":"post_tag","embeddable":true,"href":"https:\/\/noticel.com\/en\/wp-json\/wp\/v2\/tags?post=18401"}],"curies":[{"name":"wp","href":"https:\/\/api.w.org\/{rel}","templated":true}]}}