{"id":183769,"date":"2022-09-28T06:29:42","date_gmt":"2022-09-28T10:29:42","guid":{"rendered":"https:\/\/www.noticel.com\/el-tiempo\/20220928\/vaguada-traera-aguaceros-hoy-para-el-norte-y-oeste\/"},"modified":"2025-07-12T19:15:13","modified_gmt":"2025-07-12T19:15:13","slug":"vaguada-traera-aguaceros-hoy-para-el-norte-y-oeste","status":"publish","type":"post","link":"https:\/\/noticel.com\/en\/el-tiempo\/20220928\/vaguada-traera-aguaceros-hoy-para-el-norte-y-oeste\/","title":{"rendered":"Vaguada traer\u00e1 aguaceros hoy para el norte y oeste"},"content":{"rendered":"<h3>Existe riesgo moderado de corrientes marinas para el norte y para Culebra.<\/h3>\n<p>Aguaceros fueron visibles por el radar Doppler toda la noche, inform\u00f3 el Servicio Nacional de Meteorolog\u00eda.<\/p>\n<p>La mayor\u00eda de la actividad se mantuvo sobre el agua, aunque algunos alcanzaron el noreste y Vieques. Sin embargo, las acumulaciones de lluvia estuvieron por debajo de media pulgada.<\/p>\n<p>Las temperaturas disminuyeron a los altos 70s en elevaciones bajas y a los altos 60s y bajos 70s en la monta\u00f1a. El viento estuvo leve y variable.<\/p>\n<p>La actividad de aguaceros pasajeros debe continuar esta ma\u00f1ana. Luego, en la tarde, una vaguada en los niveles altos se combinar\u00e1 con la humedad disponible y efectos locales para producir aguaceros y tronadas en el interior y oeste y desde El Yunque hasta la zona metropolitana.<\/p><div class=\"notic-content-middle\" id=\"notic-954858056\"><div class=\"notic-adlabel\">Advertisements<\/div><a data-no-instant=\"1\" href=\"https:\/\/qrco.de\/bgxd5v\" rel=\"noopener\" class=\"a2t-link\" target=\"_blank\" aria-label=\"DisplayAd-970&#215;903\"><img loading=\"lazy\" decoding=\"async\" src=\"https:\/\/cdn.noticel.com\/2026\/09\/02200307\/DisplayAd-970x903-1.jpg\" alt=\"\"  srcset=\"https:\/\/cdn.noticel.com\/2026\/09\/02200307\/DisplayAd-970x903-1.jpg 970w, https:\/\/cdn.noticel.com\/2026\/09\/02200307\/DisplayAd-970x903-1-300x28.jpg 300w, https:\/\/cdn.noticel.com\/2026\/09\/02200307\/DisplayAd-970x903-1-768x71.jpg 768w, https:\/\/cdn.noticel.com\/2026\/09\/02200307\/DisplayAd-970x903-1-18x2.jpg 18w\" sizes=\"(max-width: 970px) 100vw, 970px\" width=\"970\" height=\"90\"   \/><\/a><\/div>\n<p>Inundaciones urbanas y de riachuelos, as\u00ed como rayos frecuentes y vientos en r\u00e1faga han de esperarse con esta actividad. Las temperaturas alcanzar\u00e1n los altos 70s y bajos 80s con \u00edndices de calor de 102 a 105 grados en la costa norte. El viento estar\u00e1 del 10 a 15 mph.<\/p>\n<p>A trav\u00e9s de las aguas, se espera oleaje de tres a cinco pies con vientos del este de 10 a 15 nudos. Existe riesgo moderado de corrientes marinas para el norte y para Culebra.<\/p>\n<p>https:\/\/twitter.com\/NWSSanJuan\/status\/1575041077941239808<\/p>","protected":false},"excerpt":{"rendered":"<p>Existe riesgo moderado de corrientes marinas para el norte y para Culebra. Aguaceros fueron visibles por el radar Doppler toda la noche, inform\u00f3 el Servicio Nacional de Meteorolog\u00eda. La mayor\u00eda de la actividad se mantuvo sobre el agua, aunque algunos alcanzaron el noreste y Vieques. Sin embargo, las acumulaciones de lluvia estuvieron por debajo de [&hellip;]<\/p>","protected":false},"author":0,"featured_media":280278,"comment_status":"closed","ping_status":"closed","sticky":false,"template":"","format":"standard","meta":{"_acf_changed":false,"_monsterinsights_skip_tracking":false,"ep_exclude_from_search":false,"footnotes":""},"categories":[18],"tags":[],"class_list":["post-183769","post","type-post","status-publish","format-standard","has-post-thumbnail","hentry","category-el-tiempo"],"acf":[],"aioseo_notices":[],"_links":{"self":[{"href":"https:\/\/noticel.com\/en\/wp-json\/wp\/v2\/posts\/183769","targetHints":{"allow":["GET"]}}],"collection":[{"href":"https:\/\/noticel.com\/en\/wp-json\/wp\/v2\/posts"}],"about":[{"href":"https:\/\/noticel.com\/en\/wp-json\/wp\/v2\/types\/post"}],"replies":[{"embeddable":true,"href":"https:\/\/noticel.com\/en\/wp-json\/wp\/v2\/comments?post=183769"}],"version-history":[{"count":1,"href":"https:\/\/noticel.com\/en\/wp-json\/wp\/v2\/posts\/183769\/revisions"}],"predecessor-version":[{"id":280279,"href":"https:\/\/noticel.com\/en\/wp-json\/wp\/v2\/posts\/183769\/revisions\/280279"}],"wp:featuredmedia":[{"embeddable":true,"href":"https:\/\/noticel.com\/en\/wp-json\/wp\/v2\/media\/280278"}],"wp:attachment":[{"href":"https:\/\/noticel.com\/en\/wp-json\/wp\/v2\/media?parent=183769"}],"wp:term":[{"taxonomy":"category","embeddable":true,"href":"https:\/\/noticel.com\/en\/wp-json\/wp\/v2\/categories?post=183769"},{"taxonomy":"post_tag","embeddable":true,"href":"https:\/\/noticel.com\/en\/wp-json\/wp\/v2\/tags?post=183769"}],"curies":[{"name":"wp","href":"https:\/\/api.w.org\/{rel}","templated":true}]}}