{"id":181631,"date":"2022-08-10T10:38:11","date_gmt":"2022-08-10T14:38:11","guid":{"rendered":"https:\/\/www.noticel.com\/ahora\/gobierno\/legislatura\/20220810\/ultimatum-de-rivera-schatz-por-nombramiento-de-procuradora-de-la-mujer\/"},"modified":"2025-07-12T22:05:54","modified_gmt":"2025-07-12T22:05:54","slug":"ultimatum-de-rivera-schatz-por-nombramiento-de-procuradora-de-la-mujer","status":"publish","type":"post","link":"https:\/\/noticel.com\/en\/ultima-hora\/20220810\/ultimatum-de-rivera-schatz-por-nombramiento-de-procuradora-de-la-mujer\/","title":{"rendered":"Ultim\u00e1tum de Rivera Schatz por nombramiento de Procuradora de la Mujer"},"content":{"rendered":"<h3>Hizo un llamado a La Fortaleza mientras ha surgido el nombre de Zo\u00e9 Laboy como posible nominada.<\/h3>\n<p>Adelantando otro torbellino de divisi\u00f3n relacionada al nombramiento para dirigir la Oficina de la Procuradora de las Mujeres (OPM) tras la renuncia de Lersy Boria Vizcarrondo, el senador Thomas Rivera Schatz inst\u00f3 al gobernador, Pedro R. Pierluisi Urrutia, a no nominar a quien \u00abno conseguir\u00e1 los votos\u00bb debido, precisamente, a divisiones ideol\u00f3gicas.<\/p>\n<p>Aunque Rivera Schatz no hizo menci\u00f3n alguna de nombres, desde el d\u00eda uno tras la renuncia de Boria Vizcarrondo se alude a Zo\u00e9 Laboy como una de las mujeres que suenan para dirigir la referida oficina. La propia Laboy dijo en entrevista con este diario digital que est\u00e1 disponible para ser la pr\u00f3xima procuradora. Pierluisi Urrutia, por su parte, ha dicho que ese es uno de los nombres que considera, aunque dej\u00f3 claro que no ha tomado una decisi\u00f3n final sobre el nombramiento.<\/p>\n<p>En medio de esta posibilidad, se ha desatado divisi\u00f3n en el Senado. Y es que Laboy mantiene posturas liberales en torno, por ejemplo, al derecho al aborto de la mujer. La divisi\u00f3n, en inicio, parec\u00eda estar solo relacionada al Partido Popular Democr\u00e1tico (PPD), pero tras las expresiones de Rivera Schatz parecen tambi\u00e9n rondar las filas del Partido Nuevo Progresita (PNP) pese a que Laboy fue parte del Senado que precisamente presidi\u00f3 Rivera Schatz en el cuatrienio de 2017 a 2021.<\/p>\n<p><strong id=\"strong-51b94d6e6ec600aac6666675c2d313f0\">Vea tambi\u00e9n<\/strong>: <a href=\"https:\/\/noticel.com\/en\/legislatura\/ahora\/top-stories\/20220809\/division-en-el-senado-sobre-apoyo-a-zoe-laboy-para-dirigir-la-procuraduria-de-las-mujeres\/\" id=\"link-2f9384406a782a54f271a24f912c4745\">Divisi\u00f3n en el Senado sobre apoyo a Zo\u00e9 Laboy para dirigir la Procuradur\u00eda de las Mujeres<\/a><\/p>\n<p>\u00abAhora se est\u00e1 considerando el nombramiento de la Procuradora de la Mujer! El debate entre conservadores y liberales en temas como los principios, valores, lo que alguna gente llama \u201cperspectiva de g\u00e9nero\u201d, la familia tradicional, el matrimonio y el aborto ha sido intenso y polarizante. Por ejemplo, el proyecto para restringir el aborto obtuvo 16 votos a favor y 9 en contra. Tomen nota en Fortaleza y NO arrojen por un precipicio a quien NO CONSEGUIR\u00c1 ESOS 16 votos pro familia y en contra del aborto\u00bb, inst\u00f3 Rivera Schatz.<\/p><div class=\"notic-content-middle\" id=\"notic-4104281703\"><div class=\"notic-adlabel\">Advertisements<\/div><a data-no-instant=\"1\" href=\"https:\/\/qrco.de\/bgxd5v\" rel=\"noopener\" class=\"a2t-link\" target=\"_blank\" aria-label=\"300X600-SEBUSCA3\"><img loading=\"lazy\" decoding=\"async\" src=\"https:\/\/cdn.noticel.com\/2026\/09\/02194515\/300X600-SEBUSCA3.jpg\" alt=\"\"  srcset=\"https:\/\/cdn.noticel.com\/2026\/09\/02194515\/300X600-SEBUSCA3.jpg 300w, https:\/\/cdn.noticel.com\/2026\/09\/02194515\/300X600-SEBUSCA3-150x300.jpg 150w, https:\/\/cdn.noticel.com\/2026\/09\/02194515\/300X600-SEBUSCA3-6x12.jpg 6w\" sizes=\"(max-width: 300px) 100vw, 300px\" width=\"300\" height=\"600\"   \/><\/a><\/div>\n<p>El llamado del expresidente del Senado, aunque sin identificaci\u00f3n, es claro. Laboy se ha expresado a favor del derecho al aborto de las mujeres, y de igual modo, a favor del matrimonio entre personas del mismo sexo, lo que parecer\u00e1 traducirse a un voto en contra por parte de Rivera Schatz por no promulgar sus llamados \u00abvalores\u00bb.<\/p>\n<p>\u00ab\u00a1Los que no negociamos principios y valores por votos, NO VAMOS A CEDER! \u00a1Punto!\u00bb, agreg\u00f3 Rivera Schatz.<\/p>\n<p>Joanne Rodr\u00edguez Veve, senadora del Proyecto Dignidad, tambi\u00e9n adelant\u00f3 su voto en contra de Laboy, por considerarla \u00abproaborto\u00bb.<\/p>\n<p>Mientras, la senadora y portavoz del Partido Independentista Puertorrique\u00f1o (PIP), Mar\u00eda de Lourdes Santiago Negr\u00f3n, reconoci\u00f3 el trabajo de Laboy, pero invit\u00f3 al gobernador que se hagan consultas previas a las organizaciones que trabajan con mujeres.<\/p>","protected":false},"excerpt":{"rendered":"<p>Hizo un llamado a La Fortaleza mientras ha surgido el nombre de Zo\u00e9 Laboy como posible nominada. Adelantando otro torbellino de divisi\u00f3n relacionada al nombramiento para dirigir la Oficina de la Procuradora de las Mujeres (OPM) tras la renuncia de Lersy Boria Vizcarrondo, el senador Thomas Rivera Schatz inst\u00f3 al gobernador, Pedro R. Pierluisi Urrutia, [&hellip;]<\/p>","protected":false},"author":0,"featured_media":284894,"comment_status":"closed","ping_status":"closed","sticky":false,"template":"","format":"standard","meta":{"_acf_changed":false,"_monsterinsights_skip_tracking":false,"ep_exclude_from_search":false,"footnotes":""},"categories":[4,5,2],"tags":[],"class_list":["post-181631","post","type-post","status-publish","format-standard","has-post-thumbnail","hentry","category-gobierno","category-legislatura","category-ultima-hora"],"acf":[],"aioseo_notices":[],"_links":{"self":[{"href":"https:\/\/noticel.com\/en\/wp-json\/wp\/v2\/posts\/181631","targetHints":{"allow":["GET"]}}],"collection":[{"href":"https:\/\/noticel.com\/en\/wp-json\/wp\/v2\/posts"}],"about":[{"href":"https:\/\/noticel.com\/en\/wp-json\/wp\/v2\/types\/post"}],"replies":[{"embeddable":true,"href":"https:\/\/noticel.com\/en\/wp-json\/wp\/v2\/comments?post=181631"}],"version-history":[{"count":1,"href":"https:\/\/noticel.com\/en\/wp-json\/wp\/v2\/posts\/181631\/revisions"}],"predecessor-version":[{"id":284895,"href":"https:\/\/noticel.com\/en\/wp-json\/wp\/v2\/posts\/181631\/revisions\/284895"}],"wp:featuredmedia":[{"embeddable":true,"href":"https:\/\/noticel.com\/en\/wp-json\/wp\/v2\/media\/284894"}],"wp:attachment":[{"href":"https:\/\/noticel.com\/en\/wp-json\/wp\/v2\/media?parent=181631"}],"wp:term":[{"taxonomy":"category","embeddable":true,"href":"https:\/\/noticel.com\/en\/wp-json\/wp\/v2\/categories?post=181631"},{"taxonomy":"post_tag","embeddable":true,"href":"https:\/\/noticel.com\/en\/wp-json\/wp\/v2\/tags?post=181631"}],"curies":[{"name":"wp","href":"https:\/\/api.w.org\/{rel}","templated":true}]}}