{"id":181562,"date":"2022-08-09T05:45:00","date_gmt":"2022-08-09T09:45:00","guid":{"rendered":"https:\/\/www.noticel.com\/?post_type=article&#038;p=181562"},"modified":"2025-07-12T22:10:35","modified_gmt":"2025-07-12T22:10:35","slug":"division-en-el-senado-sobre-apoyo-a-zoe-laboy-para-dirigir-la-procuraduria-de-las-mujeres","status":"publish","type":"post","link":"https:\/\/noticel.com\/en\/ultima-hora\/20220809\/division-en-el-senado-sobre-apoyo-a-zoe-laboy-para-dirigir-la-procuraduria-de-las-mujeres\/","title":{"rendered":"Divisi\u00f3n en el Senado sobre apoyo a Zo\u00e9 Laboy para dirigir la Procuradur\u00eda de las Mujeres"},"content":{"rendered":"<h3>La exsenadora novoprogresista dijo estar disponible para ocupar el cargo que est\u00e1 vacante desde el viernes.<\/h3>\n<p>Ante la vacante en la Oficina de la Procuradora de las Mujeres (OPM) con la renuncia de la abogada Lersy Boria Vizcarrondo el pasado viernes, los portavoces de las delegaciones en el Senado se mostraron divididos en cuanto a las posibilidades de ser confirmada de la exsenadora novoprogresista Zo\u00e9 Laboy, quien ha dicho estar dispuesta para ocupar el cargo.<\/p>\n<p>El portavoz de la mayor\u00eda en el Senado, Javier Aponte Dalmau, adelant\u00f3 que en la delegaci\u00f3n del Partido Popular Democr\u00e1tico (PPD) est\u00e1n divididos en su postura en cuanto a Laboy.<\/p>\n<p>\u201cHa habido di\u00e1logo entre los miembros de la delegaci\u00f3n del PPD y est\u00e1 dividida. No s\u00e9 si tenga los votos, pero s\u00ed hay una discusi\u00f3n\u201d, anticip\u00f3 el portavoz popular en entrevista con <strong id=\"strong-8562fbb9b04a7826bae9842725a568d6\">NotiCel.<\/strong><\/p>\n<p>Por su parte, la senadora novoprogresista, Nitza Mor\u00e1n, dijo que a\u00fan no han recibido comunicaci\u00f3n del gobernador, Pedro Pierluisi Urrutia, sobre posibles candidatas, pero s\u00ed reconoci\u00f3 que ha sonado el nombre de la exsenadora.<\/p>\n<p>\u201cCu\u00e1les sean sus candidatas o no, s\u00e9 que han surgido varias nombres, pero vamos a estar evaluando cualquier candidata que el gobernador vaya a traer\u201d, sostuvo Mor\u00e1n en entrevista con este diario digital.<\/p>\n<p><strong id=\"strong-1a6ca8e55c055712f18a085ccd242e1f\">Laboy no cuenta con el apoyo de Proyecto Dignidad<\/strong><\/p>\n<p>Para la portavoz de Proyecto Dignidad (PD), la senadora Joanne Rodr\u00edguez Veve, la exsenadora penep\u00e9 no contar\u00eda con su voto.<\/p>\n<p>\u00abComo el pa\u00eds conoce, y sobre todo sus compa\u00f1eros de partido, la se\u00f1ora Zo\u00e9 Laboy se ha caracterizado por su rol como activista de perspectiva de g\u00e9nero y de las posturas proaborto. La Procuradur\u00eda no debe estar en manos de una activista que vea en las mujeres y sus causas un veh\u00edculo para adelantar visiones pol\u00edtico-ideol\u00f3gicas. Este importante cargo deber\u00eda ser asumido por alguien que atienda y busque soluciones reales a los problemas y retos de las mujeres en Puerto Rico y que, adem\u00e1s, propicie un espacio abierto y seguro para todas las mujeres, incluyendo las que creen y abogan por un gobierno libre de imposiciones ideol\u00f3gicas. Respeto su rol de activista, al que tiene derecho, pero de ser nombrada por el Gobernador, la se\u00f1ora Laboy no contar\u00e1 con mi voto\u00bb, reclam\u00f3 la portavoz de PD en declaraciones escritas.<\/p>\n<p>Mientras, la senadora y portavoz del Partido Independentista Puertorrique\u00f1o (PIP), Mar\u00eda de Lourdes Santiago Negr\u00f3n, reconoci\u00f3 el trabajo de Laboy, pero invit\u00f3 al gobernador que se hagan consultas previas a las organizaciones.<\/p>\n<p>\u00abA Zo\u00e9 Laboy nadie le puede escatimar el reconocimiento en su apoyo en el derecho de las mujeres y a la comunidad LGBTTQ\u00bb, dijo la portavoz del PIP a<strong id=\"strong-7715f92b23763a8f2e9e29c89d5ea3b0\"> NotiCel<\/strong>.<\/p>\n<p>Sin embargo, reiter\u00f3 que la nueva procuradora debe ser fiscalizadora y no enemiga de las organizaciones de las mujeres, cosa que considera que no hizo Boria Vizcarrondo.<\/p><div class=\"notic-content-middle\" id=\"notic-2107892907\"><div class=\"notic-adlabel\">Advertisements<\/div><a data-no-instant=\"1\" href=\"https:\/\/qrco.de\/bgxd5v\" rel=\"noopener\" class=\"a2t-link\" target=\"_blank\" aria-label=\"DisplayAd-970&#215;903\"><img loading=\"lazy\" decoding=\"async\" src=\"https:\/\/cdn.noticel.com\/2026\/09\/02200307\/DisplayAd-970x903-1.jpg\" alt=\"\"  srcset=\"https:\/\/cdn.noticel.com\/2026\/09\/02200307\/DisplayAd-970x903-1.jpg 970w, https:\/\/cdn.noticel.com\/2026\/09\/02200307\/DisplayAd-970x903-1-300x28.jpg 300w, https:\/\/cdn.noticel.com\/2026\/09\/02200307\/DisplayAd-970x903-1-768x71.jpg 768w, https:\/\/cdn.noticel.com\/2026\/09\/02200307\/DisplayAd-970x903-1-18x2.jpg 18w\" sizes=\"(max-width: 970px) 100vw, 970px\" width=\"970\" height=\"90\"   \/><\/a><\/div>\n<p>\u00abEn el pasado la oficina era enemiga de las organizaciones que trabajan a favor de los derechos de las mujeres. En la misma ley se dice que debe ser una persona que puede valorar las diferencias y trabajar con ellas y la absoluta independencia del aparato pol\u00edtico\u00bb, puntualiz\u00f3 Santiago Negr\u00f3n.<\/p>\n<p><strong id=\"strong-b1187478123851dd6c4c3789f87ee678\">Deben escuchar a las feministas <\/strong><\/p>\n<p>El senador del Movimiento Victoria Ciudadana (MVC), Rafael Bernabe Riefkohl, incluso celebr\u00f3 la salida de Boria Vizcarrondo y espera que de igual manera se consulte con las organizaciones feministas.<\/p>\n<p>\u00abEn su cargo, Boria se distingui\u00f3 por su falta de iniciativa en la lucha contra la ola de violencia contra las mujeres y en la defensa de sus derechos. Estamos viviendo un ataque fuerte a los derechos reproductivos y de salud de las mujeres y personas gestantes, y la procuradora mantuvo silencio, ella que dijera ser la primera en levantar su voz en defensa de los derechos de las mujeres\u00bb, dijo el senador del MVC en declaraciones escritas.<\/p>\n<p>Al cuestionarle sobre Laboy, no especific\u00f3 sobre su trabajo, sino c\u00f3mo debe ser la persona que pr\u00f3ximamente ocupe el puesto.<\/p>\n<p>\u00abEn cuanto a qui\u00e9n debe ocupar el puesto opino que la decisi\u00f3n debe tomarse en consulta con las organizaciones de mujeres y feministas. Ellas son las que conocen la trayectoria y compromiso de distintas personas con la defensa de los derechos de la mujer. No dudamos que los sectores conservadores querr\u00e1n vetar cualquier buen nombramiento y tratar\u00e1n de poner alguien acorde con su agenda anti-democr\u00e1tica. No podemos permitirlo\u00bb, reiter\u00f3 el senador del MVC.<\/p>\n<p>Por su parte, el senador independiente Jos\u00e9 \u00abChaco\u00bb Vargas Vidot, destac\u00f3 el trabajo de la fenecida Mar\u00eda Dolores Fern\u00f3s como procuradora de la mujer y por consiguiente dijo que la persona que ocupe el puesto debe restaurar la confianza en la oficina.<\/p>\n<p>\u201cLa Oficina de la Procuradora de las Mujeres es el producto directo del trabajo de los colectivos de mujeres y de Tati Fern\u00f3s, quienes con mucho esfuerzo y altas expectativas, envisionaron un proyecto vital para Puerto Rico. Lastimosamente, hemos visto que esa visi\u00f3n ha sido desde\u00f1ada por personas que no han cumplido su deber. En ese contexto, y de acuerdo con la Ley, son las propias organizaciones y colectivos quienes deben tener la primera la palabra en cuanto a la persona que se designe. Lo que me parece importante resaltar es que, quien termine en la jefatura de la OPM, tendr\u00e1 el reto de restaurar la confianza y los cimientos de la procuradur\u00eda que fueron tan importantes, pero que ahora no existen\u201d, concluy\u00f3 el senador independiente.<\/p>\n<p><strong id=\"strong-1bfab9f8d3f8f7fd5b327ccfab18ebd5\">Vea: <\/strong><\/p>\n<p><a href=\"https:\/\/noticel.com\/en\/ahora\/top-stories\/20220806\/zoe-laboy-esta-disponible-para-ser-la-proxima-procuradora-de-las-mujeres\/\" id=\"link-7fe79469ca6ab967669995c647d93520\">Zo\u00e9 Laboy disponible para ser la pr\u00f3xima Procuradora de las Mujeres<\/a><\/p>\n<p><a href=\"https:\/\/noticel.com\/en\/gobierno\/ahora\/top-stories\/20220808\/lersy-boria-confirma-sera-subsecretaria-de-estado\/\" id=\"link-eaf577b9077fa3382a3ed180030b8893\">Lersy Boria confirma ser\u00e1 subsecretaria de Estado<\/a><\/p>","protected":false},"excerpt":{"rendered":"<p>La exsenadora novoprogresista dijo estar disponible para ocupar el cargo que est\u00e1 vacante desde el viernes. Ante la vacante en la Oficina de la Procuradora de las Mujeres (OPM) con la renuncia de la abogada Lersy Boria Vizcarrondo el pasado viernes, los portavoces de las delegaciones en el Senado se mostraron divididos en cuanto a [&hellip;]<\/p>","protected":false},"author":0,"featured_media":285030,"comment_status":"closed","ping_status":"closed","sticky":false,"template":"","format":"standard","meta":{"_acf_changed":false,"_monsterinsights_skip_tracking":false,"ep_exclude_from_search":false,"footnotes":""},"categories":[5,2],"tags":[],"class_list":["post-181562","post","type-post","status-publish","format-standard","has-post-thumbnail","hentry","category-legislatura","category-ultima-hora"],"acf":[],"aioseo_notices":[],"_links":{"self":[{"href":"https:\/\/noticel.com\/en\/wp-json\/wp\/v2\/posts\/181562","targetHints":{"allow":["GET"]}}],"collection":[{"href":"https:\/\/noticel.com\/en\/wp-json\/wp\/v2\/posts"}],"about":[{"href":"https:\/\/noticel.com\/en\/wp-json\/wp\/v2\/types\/post"}],"replies":[{"embeddable":true,"href":"https:\/\/noticel.com\/en\/wp-json\/wp\/v2\/comments?post=181562"}],"version-history":[{"count":1,"href":"https:\/\/noticel.com\/en\/wp-json\/wp\/v2\/posts\/181562\/revisions"}],"predecessor-version":[{"id":285031,"href":"https:\/\/noticel.com\/en\/wp-json\/wp\/v2\/posts\/181562\/revisions\/285031"}],"wp:featuredmedia":[{"embeddable":true,"href":"https:\/\/noticel.com\/en\/wp-json\/wp\/v2\/media\/285030"}],"wp:attachment":[{"href":"https:\/\/noticel.com\/en\/wp-json\/wp\/v2\/media?parent=181562"}],"wp:term":[{"taxonomy":"category","embeddable":true,"href":"https:\/\/noticel.com\/en\/wp-json\/wp\/v2\/categories?post=181562"},{"taxonomy":"post_tag","embeddable":true,"href":"https:\/\/noticel.com\/en\/wp-json\/wp\/v2\/tags?post=181562"}],"curies":[{"name":"wp","href":"https:\/\/api.w.org\/{rel}","templated":true}]}}