{"id":181537,"date":"2022-08-08T14:47:08","date_gmt":"2022-08-08T18:47:08","guid":{"rendered":"https:\/\/www.noticel.com\/ahora\/gobierno\/top-stories\/20220808\/lersy-boria-confirma-sera-subsecretaria-de-estado\/"},"modified":"2025-07-12T22:12:20","modified_gmt":"2025-07-12T22:12:20","slug":"lersy-boria-confirma-sera-subsecretaria-de-estado","status":"publish","type":"post","link":"https:\/\/noticel.com\/en\/ultima-hora\/20220808\/lersy-boria-confirma-sera-subsecretaria-de-estado\/","title":{"rendered":"Lersy Boria confirma ser\u00e1 subsecretaria de Estado"},"content":{"rendered":"<h3>La exprocuradora de las mujeres dice que recibi\u00f3 un ofrecimiento para el puesto.<\/h3>\n<p>La exprocuradora de las mujeres, Lersy Boria Vizcarrondo, conform\u00f3 hoy, lunes, que asumir\u00e1 la subsecretar\u00eda del Departamento de Estado, tras su salida de la agencia que dirigi\u00f3 por los pasados cuatro a\u00f1os.<\/p>\n<p>\u00bbTengo much\u00edsimos proyectos, pero ciertamente tuve un ofrecimiento de subsecretaria del Departamento de Estado\u00bb, sostuvo Borria Vizcarrondo en entrevista radial (WKAQ 580 AM)<\/p>\n<p>\u00bbDonde quiera que est\u00e9 voy a estar trabajando en pro de las mujeres y de los sectores vulnerables&#8230;. soy servidora p\u00fablica de coraz\u00f3n, as\u00ed que ahora voy a comenzar como subsecretaria del Departamento de Estado\u00bb, agreg\u00f3.<\/p>\n<p>La funcionaria present\u00f3 el pasado viernes al gobernador Pedro Pierluisi Urrutia su carta de renuncia a la Oficina de la Procuradora de las Mujeres (OPM), a la que fue designada en el 2018.<\/p><div class=\"notic-content-middle\" id=\"notic-3189393517\"><div class=\"notic-adlabel\">Advertisements<\/div><a data-no-instant=\"1\" href=\"https:\/\/qrco.de\/bgxd5v\" rel=\"noopener\" class=\"a2t-link\" target=\"_blank\" aria-label=\"image002\"><img loading=\"lazy\" decoding=\"async\" src=\"https:\/\/cdn.noticel.com\/2026\/09\/04152516\/image002.jpg\" alt=\"\"  srcset=\"https:\/\/cdn.noticel.com\/2026\/09\/04152516\/image002.jpg 288w, https:\/\/cdn.noticel.com\/2026\/09\/04152516\/image002-14x12.jpg 14w\" sizes=\"(max-width: 288px) 100vw, 288px\" width=\"288\" height=\"240\"   \/><\/a><\/div>\n<p>\u201cEs con sentimientos encontrados que, en el d\u00eda de hoy, le comuniqu\u00e9 al se\u00f1or gobernador, Pedro Pierluisi mi decisi\u00f3n de poner a su disposici\u00f3n el cargo de Procuradora de las Mujeres, con efectividad inmediata. Agradezco la confianza depositada en m\u00ed para liderar una oficina gubernamental que trabaja temas tan centrales y multifactoriales como la equidad y la violencia de g\u00e9nero\u00bb, expres\u00f3 Boria Vizcarrondo en un comunicado de prensa.<\/p>\n<p>\u00abMi trayectoria en la OPM me deja la satisfacci\u00f3n de haber podido aportar al cambio de percepci\u00f3n en torno a la violencia de g\u00e9nero en Puerto Rico y de haber impactado de manera positiva tantas vidas. Ha sido un privilegio trabajar por nuestra isla. Seguir\u00e9 laborando incansablemente en pro del bienestar de nuestra sociedad desde donde me encuentre\u201d, finaliz\u00f3.<\/p>\n<p>De inmediato, los nombres de la exsenadora Zo\u00e9 Laboy y de la representante Wanda del Valle afloraron como posibles candidatas a ocupar su silla.<\/p>","protected":false},"excerpt":{"rendered":"<p>La exprocuradora de las mujeres dice que recibi\u00f3 un ofrecimiento para el puesto. La exprocuradora de las mujeres, Lersy Boria Vizcarrondo, conform\u00f3 hoy, lunes, que asumir\u00e1 la subsecretar\u00eda del Departamento de Estado, tras su salida de la agencia que dirigi\u00f3 por los pasados cuatro a\u00f1os. \u00bbTengo much\u00edsimos proyectos, pero ciertamente tuve un ofrecimiento de subsecretaria [&hellip;]<\/p>","protected":false},"author":0,"featured_media":285079,"comment_status":"closed","ping_status":"closed","sticky":false,"template":"","format":"standard","meta":{"_acf_changed":false,"_monsterinsights_skip_tracking":false,"ep_exclude_from_search":false,"footnotes":""},"categories":[4,2],"tags":[],"class_list":["post-181537","post","type-post","status-publish","format-standard","has-post-thumbnail","hentry","category-gobierno","category-ultima-hora"],"acf":[],"aioseo_notices":[],"_links":{"self":[{"href":"https:\/\/noticel.com\/en\/wp-json\/wp\/v2\/posts\/181537","targetHints":{"allow":["GET"]}}],"collection":[{"href":"https:\/\/noticel.com\/en\/wp-json\/wp\/v2\/posts"}],"about":[{"href":"https:\/\/noticel.com\/en\/wp-json\/wp\/v2\/types\/post"}],"replies":[{"embeddable":true,"href":"https:\/\/noticel.com\/en\/wp-json\/wp\/v2\/comments?post=181537"}],"version-history":[{"count":1,"href":"https:\/\/noticel.com\/en\/wp-json\/wp\/v2\/posts\/181537\/revisions"}],"predecessor-version":[{"id":285080,"href":"https:\/\/noticel.com\/en\/wp-json\/wp\/v2\/posts\/181537\/revisions\/285080"}],"wp:featuredmedia":[{"embeddable":true,"href":"https:\/\/noticel.com\/en\/wp-json\/wp\/v2\/media\/285079"}],"wp:attachment":[{"href":"https:\/\/noticel.com\/en\/wp-json\/wp\/v2\/media?parent=181537"}],"wp:term":[{"taxonomy":"category","embeddable":true,"href":"https:\/\/noticel.com\/en\/wp-json\/wp\/v2\/categories?post=181537"},{"taxonomy":"post_tag","embeddable":true,"href":"https:\/\/noticel.com\/en\/wp-json\/wp\/v2\/tags?post=181537"}],"curies":[{"name":"wp","href":"https:\/\/api.w.org\/{rel}","templated":true}]}}