{"id":180150,"date":"2022-07-06T20:59:55","date_gmt":"2022-07-07T00:59:55","guid":{"rendered":"https:\/\/www.noticel.com\/mundo\/20220706\/maestros-inician-paro-en-panama-por-alza-en-combustibles-y-bajo-presupuesto\/"},"modified":"2025-07-13T00:11:43","modified_gmt":"2025-07-13T00:11:43","slug":"maestros-inician-paro-en-panama-por-alza-en-combustibles-y-bajo-presupuesto","status":"publish","type":"post","link":"https:\/\/noticel.com\/en\/noticias\/mundo\/20220706\/maestros-inician-paro-en-panama-por-alza-en-combustibles-y-bajo-presupuesto\/","title":{"rendered":"Maestros inician paro en Panam\u00e1 por alza en combustibles y bajo presupuesto"},"content":{"rendered":"<h3>Entre las peticiones est\u00e1n elevar a 6% el presupuesto para la educaci\u00f3n, el pago de deudas pendientes con los maestros y mejorar las escuelas p\u00fablicas.<\/h3>\n<p>El gremio docente del sector p\u00fablico de Panam\u00e1 comenz\u00f3 este mi\u00e9rcoles un paro nacional de 72 horas prorrogables, en medio de protestas callejeras por el alza de los combustibles y los alimentos y ante la respuesta \u00abno satisfactoria\u00bb del Gobierno a problem\u00e1ticas como el \u00abbajo presupuesto\u00bb educativo.<\/p>\n<p>\u00abHemos elevado este paro de 72 horas prorrogables para que las autoridades entiendan que el sector docente se mantiene m\u00e1s firme que nunca\u00bb, declar\u00f3 a Efe Abdiel Becerra, secretario de la Organizaci\u00f3n de la Asociaci\u00f3n de Profesores de Panam\u00e1 (Asoprof).<\/p>\n<p>Becerra explic\u00f3 que est\u00e1n \u00abindignados frente al alto costo de los combustibles y de c\u00f3mo se han disparado los precios de la canasta b\u00e1sica familiar\u00bb. Adem\u00e1s, rechazaron lo que consideran \u00abel total abandono del Ministerio de Educaci\u00f3n ante las infraestructuras (educativas) y el nombramiento de personal\u00bb para este sector.<\/p>\n<p>\u00abOtros gobernantes han asumido posturas importantes, como el congelamiento del impuesto del petr\u00f3leo, eso puede ser una alternativa en Panam\u00e1 para rebajar los precios y dar un ox\u00edgeno a la poblaci\u00f3n\u00bb, dijo el dirigente.<\/p>\n<p>El Gobierno del presidente Laurentino Cortizo ha optado por congelar temporalmente el precio del combustible en $3.95 el gal\u00f3n (3.78 litros) a algunos sectores, en un intento por impedir el alza del pasaje en el transporte p\u00fablico y de los alimentos, sin mucho \u00e9xito.<\/p>\n<p>Esta congelaci\u00f3n por sectores del precio del gal\u00f3n de gasolina, que ha llegado a superar los $6, ha sido fuertemente criticada por gremios y analistas que proponen la suspensi\u00f3n del impuesto al combustible para que la medida beneficie a toda la poblaci\u00f3n.<\/p>\n<p><strong id=\"strong-d630a885a133ebd09742327ab2dacbb2\">M\u00e1s presupuesto para la educaci\u00f3n<\/strong><\/p>\n<p>El paro nacional \u00abdecidido anoche\u00bb por las bases magisteriales es consecuencia de la \u00abrespuesta no satisfactoria\u00bb a un pliego de 32 peticiones presentado al Gobierno por los maestros y otros miembros de la llamada \u00abAlianza Pueblo Unido por la Vida\u00bb el pasado 19 de mayo, dijo a Efe el secretario general de Asoprof, Fernando \u00c1brego.<\/p>\n<p>Entre las peticiones presentadas est\u00e1n elevar a 6% el presupuesto para la educaci\u00f3n, actualmente del 3.5% seg\u00fan el dirigente; el pago de deudas pendientes con los maestros y la dotaci\u00f3n de las escuelas p\u00fablicas, pues en ellas \u00abse trabaja con las u\u00f1as\u00bb.<\/p><div class=\"notic-content-middle\" id=\"notic-1451922949\"><div class=\"notic-adlabel\">Advertisements<\/div><a data-no-instant=\"1\" href=\"https:\/\/qrco.de\/bgxd5v\" rel=\"noopener\" class=\"a2t-link\" target=\"_blank\" aria-label=\"300X600-SEBUSCA3\"><img loading=\"lazy\" decoding=\"async\" src=\"https:\/\/cdn.noticel.com\/2026\/09\/02194515\/300X600-SEBUSCA3.jpg\" alt=\"\"  srcset=\"https:\/\/cdn.noticel.com\/2026\/09\/02194515\/300X600-SEBUSCA3.jpg 300w, https:\/\/cdn.noticel.com\/2026\/09\/02194515\/300X600-SEBUSCA3-150x300.jpg 150w, https:\/\/cdn.noticel.com\/2026\/09\/02194515\/300X600-SEBUSCA3-6x12.jpg 6w\" sizes=\"(max-width: 300px) 100vw, 300px\" width=\"300\" height=\"600\"   \/><\/a><\/div>\n<p>El gremio docente est\u00e1 dispuesto \u00aba sentarse en la mesa\u00bb para dialogar con el Gobierno, que \u00abha tenido tiempo desde mayo para buscarle\u00bb una salida a los problemas planteados, \u00abpero presionando en la calle\u00bb, afirm\u00f3 \u00c1brego.<\/p>\n<p>El anuncio de la huelga este mi\u00e9rcoles se realiz\u00f3 al tiempo que grupos de maestros protestaron frente a una escuela en la capital de Panam\u00e1, y otros lo hicieron en distintas ciudades del interior.<\/p>\n<p>El viernes pasado, maestros de la provincia de Veraguas comenzaron un paro que desde el lunes se fue extendiendo a otras regiones, pero con un seguimiento irregular y acompa\u00f1ado de protestas que en algunos casos fueron reprimidas con gases por la Polic\u00eda Nacional.<\/p>\n<p>La Defensor\u00eda del Pueblo inform\u00f3 este mi\u00e9rcoles que abri\u00f3 una queja de oficio contra la Polic\u00eda Nacional para investigar el uso de la fuerza excesiva durante las protestas de educadores en Veraguas.<\/p>\n<p><strong id=\"strong-fbea743ead7b0ee0d1d5a65535784aff\">Anuncian m\u00e1s protestas<\/strong><\/p>\n<p>El grupo \u00abAlianza Pueblo Unido por la Vida\u00bb, que agrupa a casi una decena de sindicatos y organizaciones sociales, anunci\u00f3 protestas y piquetes en todo el pa\u00eds esta semana en contra del precio de combustible, e hizo un llamado a la huelga a todos los sectores que \u00abpuedan unirse\u00bb.<\/p>\n<p>\u00abAdem\u00e1s de protestas y caminatas en las calles, convocamos una marcha a la Asamblea Nacional (Parlamento), dijo el secretario general de la Confederaci\u00f3n Nacional de Unidad Sindical Independiente (CONUSI), Marco Andrade.<\/p>\n<p>El alza del precio del combustible, que se revisa cada 14 d\u00edas, gener\u00f3 una huelga de camioneros la semana pasada que produjo desabastecimiento de verduras y legumbres en casi todo el pa\u00eds, y que se suspendi\u00f3 tras un acuerdo del sector con el Gobierno que incluy\u00f3 una compensaci\u00f3n monetaria.<\/p>","protected":false},"excerpt":{"rendered":"<p>Entre las peticiones est\u00e1n elevar a 6% el presupuesto para la educaci\u00f3n, el pago de deudas pendientes con los maestros y mejorar las escuelas p\u00fablicas. El gremio docente del sector p\u00fablico de Panam\u00e1 comenz\u00f3 este mi\u00e9rcoles un paro nacional de 72 horas prorrogables, en medio de protestas callejeras por el alza de los combustibles y [&hellip;]<\/p>","protected":false},"author":0,"featured_media":288104,"comment_status":"closed","ping_status":"closed","sticky":false,"template":"","format":"standard","meta":{"_acf_changed":false,"_monsterinsights_skip_tracking":false,"ep_exclude_from_search":false,"footnotes":""},"categories":[17],"tags":[],"class_list":["post-180150","post","type-post","status-publish","format-standard","has-post-thumbnail","hentry","category-mundo"],"acf":[],"aioseo_notices":[],"_links":{"self":[{"href":"https:\/\/noticel.com\/en\/wp-json\/wp\/v2\/posts\/180150","targetHints":{"allow":["GET"]}}],"collection":[{"href":"https:\/\/noticel.com\/en\/wp-json\/wp\/v2\/posts"}],"about":[{"href":"https:\/\/noticel.com\/en\/wp-json\/wp\/v2\/types\/post"}],"replies":[{"embeddable":true,"href":"https:\/\/noticel.com\/en\/wp-json\/wp\/v2\/comments?post=180150"}],"version-history":[{"count":1,"href":"https:\/\/noticel.com\/en\/wp-json\/wp\/v2\/posts\/180150\/revisions"}],"predecessor-version":[{"id":288105,"href":"https:\/\/noticel.com\/en\/wp-json\/wp\/v2\/posts\/180150\/revisions\/288105"}],"wp:featuredmedia":[{"embeddable":true,"href":"https:\/\/noticel.com\/en\/wp-json\/wp\/v2\/media\/288104"}],"wp:attachment":[{"href":"https:\/\/noticel.com\/en\/wp-json\/wp\/v2\/media?parent=180150"}],"wp:term":[{"taxonomy":"category","embeddable":true,"href":"https:\/\/noticel.com\/en\/wp-json\/wp\/v2\/categories?post=180150"},{"taxonomy":"post_tag","embeddable":true,"href":"https:\/\/noticel.com\/en\/wp-json\/wp\/v2\/tags?post=180150"}],"curies":[{"name":"wp","href":"https:\/\/api.w.org\/{rel}","templated":true}]}}