{"id":17961,"date":"2016-07-08T00:00:00","date_gmt":"2016-07-08T04:00:00","guid":{"rendered":"http:\/\/www.noticel.com\/la-calle\/20160708\/fin-de-semana-tranquilo-pero-brumoso\/"},"modified":"2025-07-16T18:04:15","modified_gmt":"2025-07-16T18:04:15","slug":"fin-de-semana-tranquilo-pero-brumoso","status":"publish","type":"post","link":"https:\/\/noticel.com\/en\/noticias\/la-calle\/20160708\/fin-de-semana-tranquilo-pero-brumoso\/","title":{"rendered":"Fin de semana tranquilo, pero brumoso"},"content":{"rendered":"<p>El cielo prevaleci\u00f3 de mayormente despejado a parcialmente nublado a traves de las islas durante la noche. El radar Doppler detecto varios aguaceros mayormente a traves de las aguas locales.<\/p>\n<p>Las temperaturas estuvieron en los medios 70s a los bajos 80s a lo largo de las \u00e1reas costeras. El viento estuvo desde el este a noreste entre 5 y 10 mph.<\/p><div class=\"notic-content-middle\" id=\"notic-1948887427\"><div class=\"notic-adlabel\">Advertisements<\/div><a data-no-instant=\"1\" href=\"https:\/\/www.asegurate-bien.com\/\" rel=\"noopener\" class=\"a2t-link\" target=\"_blank\" aria-label=\"Acodese-Adaptaciones-Noticel-970&#215;90\"><img loading=\"lazy\" decoding=\"async\" src=\"https:\/\/cdn.noticel.com\/2026\/07\/30100146\/Acodese-Adaptaciones-Noticel-970x90-1.jpg\" alt=\"\"  srcset=\"https:\/\/cdn.noticel.com\/2026\/07\/30100146\/Acodese-Adaptaciones-Noticel-970x90-1.jpg 970w, https:\/\/cdn.noticel.com\/2026\/07\/30100146\/Acodese-Adaptaciones-Noticel-970x90-1-300x28.jpg 300w, https:\/\/cdn.noticel.com\/2026\/07\/30100146\/Acodese-Adaptaciones-Noticel-970x90-1-768x71.jpg 768w, https:\/\/cdn.noticel.com\/2026\/07\/30100146\/Acodese-Adaptaciones-Noticel-970x90-1-18x2.jpg 18w\" sizes=\"(max-width: 970px) 100vw, 970px\" width=\"970\" height=\"90\"   \/><\/a><\/div>\n<p>Se esperan condiciones mayormente tranquilas, pero calientes y brumosas debido al polvo del Sahara. Se espera actividad limitada de aguaceros esta tarde, si alguna, ocurrir\u00e1 sobre el oeste de Puerto Rico. Para el s\u00e1bado y domingo, una onda tropical entrara al \u00e1rea, aumentando las probabilidades de aguaceros nuevamente a trav\u00e9s de la regi\u00f3n.<\/p>\n<p>A trav\u00e9s de las aguas costeras, se espera oleaje hasta 5 pies y vientos del este hasta 20 nudos a trav\u00e9s de las aguas costeras del Atl\u00e1ntico y del Caribe. Por lo tanto, los operadores de embarcaciones peque\u00f1as deben ejercer precauci\u00f3n.<\/p>","protected":false},"excerpt":{"rendered":"<p>El cielo prevaleci\u00f3 de mayormente despejado a parcialmente nublado a traves de las islas durante la noche. El radar Doppler detecto varios aguaceros mayormente a traves de las aguas locales. Las temperaturas estuvieron en los medios 70s a los bajos 80s a lo largo de las \u00e1reas costeras. El viento estuvo desde el este a [&hellip;]<\/p>","protected":false},"author":0,"featured_media":465728,"comment_status":"closed","ping_status":"closed","sticky":false,"template":"","format":"standard","meta":{"_acf_changed":false,"_monsterinsights_skip_tracking":false,"ep_exclude_from_search":false,"footnotes":""},"categories":[12],"tags":[],"class_list":["post-17961","post","type-post","status-publish","format-standard","has-post-thumbnail","hentry","category-la-calle"],"acf":[],"aioseo_notices":[],"_links":{"self":[{"href":"https:\/\/noticel.com\/en\/wp-json\/wp\/v2\/posts\/17961","targetHints":{"allow":["GET"]}}],"collection":[{"href":"https:\/\/noticel.com\/en\/wp-json\/wp\/v2\/posts"}],"about":[{"href":"https:\/\/noticel.com\/en\/wp-json\/wp\/v2\/types\/post"}],"replies":[{"embeddable":true,"href":"https:\/\/noticel.com\/en\/wp-json\/wp\/v2\/comments?post=17961"}],"version-history":[{"count":1,"href":"https:\/\/noticel.com\/en\/wp-json\/wp\/v2\/posts\/17961\/revisions"}],"predecessor-version":[{"id":465729,"href":"https:\/\/noticel.com\/en\/wp-json\/wp\/v2\/posts\/17961\/revisions\/465729"}],"wp:featuredmedia":[{"embeddable":true,"href":"https:\/\/noticel.com\/en\/wp-json\/wp\/v2\/media\/465728"}],"wp:attachment":[{"href":"https:\/\/noticel.com\/en\/wp-json\/wp\/v2\/media?parent=17961"}],"wp:term":[{"taxonomy":"category","embeddable":true,"href":"https:\/\/noticel.com\/en\/wp-json\/wp\/v2\/categories?post=17961"},{"taxonomy":"post_tag","embeddable":true,"href":"https:\/\/noticel.com\/en\/wp-json\/wp\/v2\/tags?post=17961"}],"curies":[{"name":"wp","href":"https:\/\/api.w.org\/{rel}","templated":true}]}}