{"id":179512,"date":"2022-06-22T22:56:14","date_gmt":"2022-06-23T02:56:14","guid":{"rendered":"https:\/\/www.noticel.com\/mundo\/20220622\/discovery-compra-el-documental-de-los-ultimos-dias-de-trump-en-la-casa-blanca\/"},"modified":"2025-07-13T01:15:16","modified_gmt":"2025-07-13T01:15:16","slug":"discovery-compra-el-documental-de-los-ultimos-dias-de-trump-en-la-casa-blanca","status":"publish","type":"post","link":"https:\/\/noticel.com\/en\/noticias\/mundo\/20220622\/discovery-compra-el-documental-de-los-ultimos-dias-de-trump-en-la-casa-blanca\/","title":{"rendered":"Discovery compra el documental de los \u00faltimos d\u00edas de Trump en la Casa Blanca"},"content":{"rendered":"<h3>El programa fue dividido en tres partes y se transmitir\u00e1 a finales del verano, aunque algunas de sus escenas se har\u00e1n p\u00fablicas este jueves en las audiencias que est\u00e1 celebrando el Congreso sobre el asalto a ese recinto el 6 de enero de 2021.<\/h3>\n<p>LOS \u00c1NGELES &#8211; Discovery+ anunci\u00f3 este mi\u00e9rcoles que adquiri\u00f3 los derechos de los videos con los que el productor Alex Holder document\u00f3 los \u00faltimos d\u00edas de Donald Trump en la Casa Blanca, unas grabaciones que tambi\u00e9n servir\u00e1n de prueba para el comit\u00e9 que investiga el asalto al Capitolio del 6 de enero de 2021.<\/p>\n<p>El canal, propiedad del nuevo conglomerado Warner Bros. Discovery, emitir\u00e1 el documental, dividido en tres partes, a finales del verano, aunque algunas de sus escenas se har\u00e1n p\u00fablicas este jueves durante las audiencias televisadas que est\u00e1 celebrando el Congreso estadounidense.<\/p>\n<p>\u00abCon im\u00e1genes nunca antes vistas de la familia Trump durante la campa\u00f1a y sus reacciones ante el resultado de las elecciones, esta serie documental ofrecer\u00e1 entrevistas \u00edntimas y sin precedentes con Trump, su familia y otras personas de la Casa Blanca\u00bb, inform\u00f3 un trabajador de la plataforma a la prensa especializada en Hollywood.<\/p>\n<p>La producci\u00f3n se titular\u00e1 \u00abUnprecedented\u00bb (\u00abSin Precedentes\u00bb) y, al parecer, ser\u00e1 clave en las investigaciones que los congresistas est\u00e1n llevando a cabo para dirimir responsabilidades ante el asalto al Capitolio en el que murieron cinco personas el pasado 6 de enero de 2021, mientras se celebraba una sesi\u00f3n para confirmar a Joe Biden como ganador de los comicios.<\/p>\n<p>De acuerdo con el diario Politico, el documental contiene conversaciones de la familia de Trump y de sus asesores que ser\u00edan contradictorias con lo que han declarado ante la comisi\u00f3n de investigaci\u00f3n.<\/p>\n<p>Alex Holder, el productor que trabaj\u00f3 para la BBC y sigui\u00f3 durante varios meses al expresidente Donald Trump (2017-2020), accedi\u00f3 a declarar sobre el contenido de sus grabaciones en la sesi\u00f3n del jueves.<\/p>\n<p>Ser\u00e1n los fragmentos del segundo documental que pasa por esa comisi\u00f3n, pues a principios de junio el cineasta brit\u00e1nico Nick Quested entreg\u00f3 sus grabaciones del grupo de extrema derecha Proud Boys, que particip\u00f3 en la organizaci\u00f3n del asalto.<\/p>","protected":false},"excerpt":{"rendered":"<p>El programa fue dividido en tres partes y se transmitir\u00e1 a finales del verano, aunque algunas de sus escenas se har\u00e1n p\u00fablicas este jueves en las audiencias que est\u00e1 celebrando el Congreso sobre el asalto a ese recinto el 6 de enero de 2021. LOS \u00c1NGELES &#8211; Discovery+ anunci\u00f3 este mi\u00e9rcoles que adquiri\u00f3 los derechos [&hellip;]<\/p>","protected":false},"author":0,"featured_media":289560,"comment_status":"closed","ping_status":"closed","sticky":false,"template":"","format":"standard","meta":{"_acf_changed":false,"_monsterinsights_skip_tracking":false,"ep_exclude_from_search":false,"footnotes":""},"categories":[17],"tags":[],"class_list":["post-179512","post","type-post","status-publish","format-standard","has-post-thumbnail","hentry","category-mundo"],"acf":[],"aioseo_notices":[],"_links":{"self":[{"href":"https:\/\/noticel.com\/en\/wp-json\/wp\/v2\/posts\/179512","targetHints":{"allow":["GET"]}}],"collection":[{"href":"https:\/\/noticel.com\/en\/wp-json\/wp\/v2\/posts"}],"about":[{"href":"https:\/\/noticel.com\/en\/wp-json\/wp\/v2\/types\/post"}],"replies":[{"embeddable":true,"href":"https:\/\/noticel.com\/en\/wp-json\/wp\/v2\/comments?post=179512"}],"version-history":[{"count":1,"href":"https:\/\/noticel.com\/en\/wp-json\/wp\/v2\/posts\/179512\/revisions"}],"predecessor-version":[{"id":289561,"href":"https:\/\/noticel.com\/en\/wp-json\/wp\/v2\/posts\/179512\/revisions\/289561"}],"wp:featuredmedia":[{"embeddable":true,"href":"https:\/\/noticel.com\/en\/wp-json\/wp\/v2\/media\/289560"}],"wp:attachment":[{"href":"https:\/\/noticel.com\/en\/wp-json\/wp\/v2\/media?parent=179512"}],"wp:term":[{"taxonomy":"category","embeddable":true,"href":"https:\/\/noticel.com\/en\/wp-json\/wp\/v2\/categories?post=179512"},{"taxonomy":"post_tag","embeddable":true,"href":"https:\/\/noticel.com\/en\/wp-json\/wp\/v2\/tags?post=179512"}],"curies":[{"name":"wp","href":"https:\/\/api.w.org\/{rel}","templated":true}]}}