{"id":177741,"date":"2022-05-16T07:35:08","date_gmt":"2022-05-16T11:35:08","guid":{"rendered":"https:\/\/www.noticel.com\/ahora\/20220516\/en-vivo-secretario-de-daco-habla-del-nuevo-record-en-precios-de-la-gasolina\/"},"modified":"2025-07-13T05:59:20","modified_gmt":"2025-07-13T05:59:20","slug":"en-vivo-secretario-de-daco-habla-del-nuevo-record-en-precios-de-la-gasolina","status":"publish","type":"post","link":"https:\/\/noticel.com\/en\/ultima-hora\/20220516\/en-vivo-secretario-de-daco-habla-del-nuevo-record-en-precios-de-la-gasolina\/","title":{"rendered":"EN VIVO: Secretario de DACO habla del nuevo r\u00e9cord en precios de la gasolina"},"content":{"rendered":"<h3>Escuche lo que tiene que decir en \u00bbEl Push de la Ma\u00f1ana\u00bb de NotiCel.<\/h3>\n<p>El precio de la gasolina alcanz\u00f3 cifras r\u00e9cords en Puerto Rico.<\/p><div class=\"notic-content-middle\" id=\"notic-3841580092\"><div class=\"notic-adlabel\">Advertisements<\/div><a data-no-instant=\"1\" href=\"https:\/\/qrco.de\/bgxd5v\" rel=\"noopener\" class=\"a2t-link\" target=\"_blank\" aria-label=\"DisplayAds-970&#215;2502\"><img loading=\"lazy\" decoding=\"async\" src=\"https:\/\/cdn.noticel.com\/2026\/09\/02200838\/DisplayAds-970x2502-1.jpg\" alt=\"\"  srcset=\"https:\/\/cdn.noticel.com\/2026\/09\/02200838\/DisplayAds-970x2502-1.jpg 970w, https:\/\/cdn.noticel.com\/2026\/09\/02200838\/DisplayAds-970x2502-1-300x77.jpg 300w, https:\/\/cdn.noticel.com\/2026\/09\/02200838\/DisplayAds-970x2502-1-768x198.jpg 768w, https:\/\/cdn.noticel.com\/2026\/09\/02200838\/DisplayAds-970x2502-1-18x5.jpg 18w\" sizes=\"(max-width: 970px) 100vw, 970px\" width=\"970\" height=\"250\"   \/><\/a><\/div>\n<p>El secretario del Departamento de Asuntos del Consumidor (DACO), Edan Rivera Rodr\u00edguez contesta las preguntas en \u00bbEl Push de la Ma\u00f1ana\u00bb.<\/p>\n<p><iframe loading=\"lazy\" src=\"https:\/\/www.facebook.com\/plugins\/video.php?height=314&#038;href=https%3A%2F%2Fwww.facebook.com%2Fnoticelpr%2Fvideos%2F989583005086240%2F&#038;show_text=false&#038;width=560&#038;t=0\" width=\"560\" height=\"314\" style=\"border:none;overflow:hidden\" scrolling=\"no\" frameborder=\"0\" allowfullscreen=\"true\" allow=\"autoplay; clipboard-write; encrypted-media; picture-in-picture; web-share\"><\/iframe><\/p>","protected":false},"excerpt":{"rendered":"<p>Escuche lo que tiene que decir en \u00bbEl Push de la Ma\u00f1ana\u00bb de NotiCel. El precio de la gasolina alcanz\u00f3 cifras r\u00e9cords en Puerto Rico. El secretario del Departamento de Asuntos del Consumidor (DACO), Edan Rivera Rodr\u00edguez contesta las preguntas en \u00bbEl Push de la Ma\u00f1ana\u00bb.<\/p>","protected":false},"author":0,"featured_media":293396,"comment_status":"closed","ping_status":"closed","sticky":false,"template":"","format":"standard","meta":{"_acf_changed":false,"_monsterinsights_skip_tracking":false,"ep_exclude_from_search":false,"footnotes":""},"categories":[2],"tags":[],"class_list":["post-177741","post","type-post","status-publish","format-standard","has-post-thumbnail","hentry","category-ultima-hora"],"acf":[],"aioseo_notices":[],"_links":{"self":[{"href":"https:\/\/noticel.com\/en\/wp-json\/wp\/v2\/posts\/177741","targetHints":{"allow":["GET"]}}],"collection":[{"href":"https:\/\/noticel.com\/en\/wp-json\/wp\/v2\/posts"}],"about":[{"href":"https:\/\/noticel.com\/en\/wp-json\/wp\/v2\/types\/post"}],"replies":[{"embeddable":true,"href":"https:\/\/noticel.com\/en\/wp-json\/wp\/v2\/comments?post=177741"}],"version-history":[{"count":1,"href":"https:\/\/noticel.com\/en\/wp-json\/wp\/v2\/posts\/177741\/revisions"}],"predecessor-version":[{"id":293397,"href":"https:\/\/noticel.com\/en\/wp-json\/wp\/v2\/posts\/177741\/revisions\/293397"}],"wp:featuredmedia":[{"embeddable":true,"href":"https:\/\/noticel.com\/en\/wp-json\/wp\/v2\/media\/293396"}],"wp:attachment":[{"href":"https:\/\/noticel.com\/en\/wp-json\/wp\/v2\/media?parent=177741"}],"wp:term":[{"taxonomy":"category","embeddable":true,"href":"https:\/\/noticel.com\/en\/wp-json\/wp\/v2\/categories?post=177741"},{"taxonomy":"post_tag","embeddable":true,"href":"https:\/\/noticel.com\/en\/wp-json\/wp\/v2\/tags?post=177741"}],"curies":[{"name":"wp","href":"https:\/\/api.w.org\/{rel}","templated":true}]}}