{"id":177736,"date":"2022-05-16T06:42:40","date_gmt":"2022-05-16T10:42:40","guid":{"rendered":"https:\/\/www.noticel.com\/ahora\/20220516\/una-muerte-y-345-hospitalizados-en-informe-preliminar-del-covid-19\/"},"modified":"2025-07-13T05:59:38","modified_gmt":"2025-07-13T05:59:38","slug":"una-muerte-y-345-hospitalizados-en-informe-preliminar-del-covid-19","status":"publish","type":"post","link":"https:\/\/noticel.com\/en\/ultima-hora\/20220516\/una-muerte-y-345-hospitalizados-en-informe-preliminar-del-covid-19\/","title":{"rendered":"Una muerte y 345 hospitalizados en informe preliminar del covid-19"},"content":{"rendered":"<h3>La tasa de positividad amaneci\u00f3 en 27.59%.<\/h3>\n<p>El informe preliminar de covid-19 del Departamento de Salud (DS) report\u00f3 el lunes una muerte y 345 hospitalizados.<\/p>\n<p>Seg\u00fan se indic\u00f3, la persona fallecida no ten\u00eda la vacuna de refuerzo. El total de muertes atribuidas a la pandemia es de 4,257.<\/p>\n<p>El monitoreo cubre el periodo del 30 de abril de 2022 al 14 de mayo de 2022.<\/p><div class=\"notic-content-middle\" id=\"notic-1236003399\"><div class=\"notic-adlabel\">Advertisements<\/div><img loading=\"lazy\" decoding=\"async\" src=\"https:\/\/cdn.noticel.com\/2026\/09\/02203441\/728x90.jpg\" alt=\"\"  srcset=\"https:\/\/cdn.noticel.com\/2026\/09\/02203441\/728x90.jpg 728w, https:\/\/cdn.noticel.com\/2026\/09\/02203441\/728x90-300x37.jpg 300w, https:\/\/cdn.noticel.com\/2026\/09\/02203441\/728x90-18x2.jpg 18w\" sizes=\"(max-width: 728px) 100vw, 728px\" width=\"728\" height=\"90\"   \/><\/div>\n<p>Hay 296 adultos hospitalizados y 49 menores.<\/p>\n<p>La tasa de positividad subi\u00f3 a 27.59%.<\/p>","protected":false},"excerpt":{"rendered":"<p>La tasa de positividad amaneci\u00f3 en 27.59%. El informe preliminar de covid-19 del Departamento de Salud (DS) report\u00f3 el lunes una muerte y 345 hospitalizados. Seg\u00fan se indic\u00f3, la persona fallecida no ten\u00eda la vacuna de refuerzo. El total de muertes atribuidas a la pandemia es de 4,257. El monitoreo cubre el periodo del 30 [&hellip;]<\/p>","protected":false},"author":0,"featured_media":293406,"comment_status":"closed","ping_status":"closed","sticky":false,"template":"","format":"standard","meta":{"_acf_changed":false,"_monsterinsights_skip_tracking":false,"ep_exclude_from_search":false,"footnotes":""},"categories":[2],"tags":[],"class_list":["post-177736","post","type-post","status-publish","format-standard","has-post-thumbnail","hentry","category-ultima-hora"],"acf":[],"aioseo_notices":[],"_links":{"self":[{"href":"https:\/\/noticel.com\/en\/wp-json\/wp\/v2\/posts\/177736","targetHints":{"allow":["GET"]}}],"collection":[{"href":"https:\/\/noticel.com\/en\/wp-json\/wp\/v2\/posts"}],"about":[{"href":"https:\/\/noticel.com\/en\/wp-json\/wp\/v2\/types\/post"}],"replies":[{"embeddable":true,"href":"https:\/\/noticel.com\/en\/wp-json\/wp\/v2\/comments?post=177736"}],"version-history":[{"count":1,"href":"https:\/\/noticel.com\/en\/wp-json\/wp\/v2\/posts\/177736\/revisions"}],"predecessor-version":[{"id":293407,"href":"https:\/\/noticel.com\/en\/wp-json\/wp\/v2\/posts\/177736\/revisions\/293407"}],"wp:featuredmedia":[{"embeddable":true,"href":"https:\/\/noticel.com\/en\/wp-json\/wp\/v2\/media\/293406"}],"wp:attachment":[{"href":"https:\/\/noticel.com\/en\/wp-json\/wp\/v2\/media?parent=177736"}],"wp:term":[{"taxonomy":"category","embeddable":true,"href":"https:\/\/noticel.com\/en\/wp-json\/wp\/v2\/categories?post=177736"},{"taxonomy":"post_tag","embeddable":true,"href":"https:\/\/noticel.com\/en\/wp-json\/wp\/v2\/tags?post=177736"}],"curies":[{"name":"wp","href":"https:\/\/api.w.org\/{rel}","templated":true}]}}