{"id":176879,"date":"2022-04-26T13:27:39","date_gmt":"2022-04-26T17:27:39","guid":{"rendered":"https:\/\/www.noticel.com\/ahora\/gobierno\/20220426\/gobierno-no-pagara-sobornos-por-el-ataque-cibernetico-a-autoexpreso\/"},"modified":"2025-07-13T07:14:54","modified_gmt":"2025-07-13T07:14:54","slug":"gobierno-no-pagara-sobornos-por-el-ataque-cibernetico-a-autoexpreso","status":"publish","type":"post","link":"https:\/\/noticel.com\/en\/ultima-hora\/20220426\/gobierno-no-pagara-sobornos-por-el-ataque-cibernetico-a-autoexpreso\/","title":{"rendered":"Gobierno no pagar\u00e1 sobornos por el ataque cibern\u00e9tico a AutoExpreso"},"content":{"rendered":"<h3>Esta ma\u00f1ana, el director de la ACT confirm\u00f3 que los &#8216;hackers&#8217; est\u00e1n pidiendo dinero a cambio de devolver el acceso.<\/h3>\n<p>El gobernador Pedro Rafael Pierluisi Urrutia dijo el martes que no va a pagar el soborno solicitado por las personas que tienen secuestrado el sistema de recarga de AutoExpreso.<\/p>\n<p>\u201cLa pol\u00edtica p\u00fablica del Gobierno es no estar pagando rescates por cualquier \u2018hackeo\u2019 o pirateo de cuentas cibern\u00e9ticas. Esa es la pol\u00edtica del Gobierno. Pero no puedo comentar en cuanto a si esa exigencia est\u00e1 pendiente o no, porque eso est\u00e1 bajo investigaci\u00f3n\u201d, dijo el gobernador en conferencia de prensa.<\/p>\n<p>El director ejecutivo de la Autoridad de Carreteras y Transportaci\u00f3n (ACT), Edwin Gonz\u00e1lez, confirm\u00f3 que la persona o personas que secuestraron el sistema de recarga de AutoExpreso pidieron una cantidad de dinero a cambio de devolver el sistema.<\/p>\n<p>Lea m\u00e1s en: <a href=\"https:\/\/noticel.com\/en\/ahora\/gobierno\/top-stories\/20220426\/confirman-que-hackers-de-autoexpreso-piden-dinero-a-cambio-de-liberar-datos\/\" id=\"link-8c5bbb1c6e9affb1451a700d81540348\" target=\"_blank\">Confirman que &#8216;hackers&#8217; de AutoExpreso piden dinero a cambio de liberar datos<\/a><\/p>\n<p>Pierluisi Urrutia insisti\u00f3 en que los peajes se seguir\u00e1n cobrando, a pesar de que al momento no hay forma de recargar las cuentas. El gobernador sostuvo que en alg\u00fan momento los balances adeudados se van a cobrar retroactivamente.<\/p>\n<p>\u201cTodo el que est\u00e9 utilizando los expresos, obviamente se est\u00e1 registrando y en su momento van a tener que pagar por el uso. Pero no se les va a multar\u00bb, afirm\u00f3<\/p><div class=\"notic-content-middle\" id=\"notic-2333935524\"><div class=\"notic-adlabel\">Advertisements<\/div><a data-no-instant=\"1\" href=\"https:\/\/qrco.de\/bgxd5v\" rel=\"noopener\" class=\"a2t-link\" target=\"_blank\" aria-label=\"DisplayAd-970&#215;903\"><img loading=\"lazy\" decoding=\"async\" src=\"https:\/\/cdn.noticel.com\/2026\/09\/02200307\/DisplayAd-970x903-1.jpg\" alt=\"\"  srcset=\"https:\/\/cdn.noticel.com\/2026\/09\/02200307\/DisplayAd-970x903-1.jpg 970w, https:\/\/cdn.noticel.com\/2026\/09\/02200307\/DisplayAd-970x903-1-300x28.jpg 300w, https:\/\/cdn.noticel.com\/2026\/09\/02200307\/DisplayAd-970x903-1-768x71.jpg 768w, https:\/\/cdn.noticel.com\/2026\/09\/02200307\/DisplayAd-970x903-1-18x2.jpg 18w\" sizes=\"(max-width: 970px) 100vw, 970px\" width=\"970\" height=\"90\"   \/><\/a><\/div>\n<p><strong id=\"strong-db49e6773021ae22afece36abdc01fdb\">\u00bfPero se va a recobrar en retroactivo?<\/strong><\/p>\n<p>\u201cLo que sea que se adeude se va a reclamar en su momento. As\u00ed que obviamente, tienen que tener eso presente\u201d, contest\u00f3.<\/p>\n<p><strong id=\"strong-ba6755a5f66b3218eb8b08a96aa37a9b\">\u00bfPero eso ser\u00e1 un pago sustancial?<\/strong><\/p>\n<p>\u201cPero el que est\u00e1 usando el expreso, tiene que pagar por ello. No ser\u00eda justo para los que est\u00e1n pagando, con los que tienen las cantidades en sus cuentas y los que no las tengan. El que lo est\u00e9 usando tiene que pagar. No se van a imponer multas. De igual manera, pueden seguir haciendo gestiones en el CESCO y no se van a afectar, las renovaciones de licencias y dem\u00e1s, eso est\u00e1 fluyendo\u201d, expres\u00f3.<\/p>\n<p>Desde la semana pasada, el sistema de recarga de AutoExpreso fue v\u00edctima de un \u2018hackeo\u2019. Seg\u00fan los funcionarios del Gobierno, los datos de los usuarios no est\u00e1n comprometidos con el incidente.<\/p>","protected":false},"excerpt":{"rendered":"<p>Esta ma\u00f1ana, el director de la ACT confirm\u00f3 que los &#8216;hackers&#8217; est\u00e1n pidiendo dinero a cambio de devolver el acceso. El gobernador Pedro Rafael Pierluisi Urrutia dijo el martes que no va a pagar el soborno solicitado por las personas que tienen secuestrado el sistema de recarga de AutoExpreso. \u201cLa pol\u00edtica p\u00fablica del Gobierno es [&hellip;]<\/p>","protected":false},"author":0,"featured_media":295231,"comment_status":"closed","ping_status":"closed","sticky":false,"template":"","format":"standard","meta":{"_acf_changed":false,"_monsterinsights_skip_tracking":false,"ep_exclude_from_search":false,"footnotes":""},"categories":[4,2],"tags":[],"class_list":["post-176879","post","type-post","status-publish","format-standard","has-post-thumbnail","hentry","category-gobierno","category-ultima-hora"],"acf":[],"aioseo_notices":[],"_links":{"self":[{"href":"https:\/\/noticel.com\/en\/wp-json\/wp\/v2\/posts\/176879","targetHints":{"allow":["GET"]}}],"collection":[{"href":"https:\/\/noticel.com\/en\/wp-json\/wp\/v2\/posts"}],"about":[{"href":"https:\/\/noticel.com\/en\/wp-json\/wp\/v2\/types\/post"}],"replies":[{"embeddable":true,"href":"https:\/\/noticel.com\/en\/wp-json\/wp\/v2\/comments?post=176879"}],"version-history":[{"count":1,"href":"https:\/\/noticel.com\/en\/wp-json\/wp\/v2\/posts\/176879\/revisions"}],"predecessor-version":[{"id":295232,"href":"https:\/\/noticel.com\/en\/wp-json\/wp\/v2\/posts\/176879\/revisions\/295232"}],"wp:featuredmedia":[{"embeddable":true,"href":"https:\/\/noticel.com\/en\/wp-json\/wp\/v2\/media\/295231"}],"wp:attachment":[{"href":"https:\/\/noticel.com\/en\/wp-json\/wp\/v2\/media?parent=176879"}],"wp:term":[{"taxonomy":"category","embeddable":true,"href":"https:\/\/noticel.com\/en\/wp-json\/wp\/v2\/categories?post=176879"},{"taxonomy":"post_tag","embeddable":true,"href":"https:\/\/noticel.com\/en\/wp-json\/wp\/v2\/tags?post=176879"}],"curies":[{"name":"wp","href":"https:\/\/api.w.org\/{rel}","templated":true}]}}