{"id":17479,"date":"2018-01-11T00:00:00","date_gmt":"2018-01-11T04:00:00","guid":{"rendered":"http:\/\/www.noticel.com\/ahora\/top-stories\/20180111\/fiestas-de-la-calle-san-sebastian-con-inversion-de-300-mil\/"},"modified":"2025-07-16T19:07:40","modified_gmt":"2025-07-16T19:07:40","slug":"fiestas-de-la-calle-san-sebastian-con-inversion-de-300-mil","status":"publish","type":"post","link":"https:\/\/noticel.com\/en\/ultima-hora\/20180111\/fiestas-de-la-calle-san-sebastian-con-inversion-de-300-mil\/","title":{"rendered":"Fiestas de la Calle San Sebasti\u00e1n con inversi\u00f3n de $300 mil"},"content":{"rendered":"<p><i>Empezar\u00e1n el 17 de enero y finalizar\u00e1n el 21.<\/i><\/p>\n<p>Con el lema &#8216;cultura, turismo y trabajo&#8217;, la alcaldesa de San Juan, Carmen Yul\u00edn Cruz Soto dio por comenzada la log\u00edstica municipal de las Fiestas de la Calle San Sebasti\u00e1n, a celebrarse desde el miercoles, 17 de enero, al domingo, 21 de enero.<\/p>\n<p>Ante el impacto de los huracanes Irma y Mar\u00eda, el evento cont\u00f3 con una inversi\u00f3n de $300 mil, la mitad de la cantidad destinada el a\u00f1o pasado.<\/p>\n<p>&#8216;Este a\u00f1o, m\u00e1s que nunca antes, representan un respiro, una oportunidad para los comerciantes de recuperar algunos de los ingresos que perdieron por causa de los huracanes Irma y Mar\u00eda, la clase art\u00edstica y los artesanos cuyos ingresos tambien han mermado&#8217;, asegur\u00f3 Cruz Soto durante una conferencia de prensa.<\/p>\n<p>La dedicatoria del evento, entretanto, recaer\u00e1 sobre el actor y dramaturgo puertorrique\u00f1o Lin-Manuel Miranda. La Asociaci\u00f3n de Vecinos del Viejo San Juan tom\u00f3 la decisi\u00f3n bas\u00e1ndose en las acciones del autor de la obra &#8216;Hamilton&#8217;, quien desde la di\u00e1spora activ\u00f3 a la Hispanic Federation: Unidos para donaciones, cre\u00f3 la canci\u00f3n &#8216;Almost Like Praying&#8217; y recogi\u00f3 juguetes para los ni\u00f1os.<\/p>\n<p>Sin embargo, Miranda no estar\u00e1 presente porque esa fecha coincide con el nacimiento de su segundo hijo. En su lugar, sus padres recibir\u00e1n el galard\u00f3n.<\/p>\n<p>La novedad en esta edici\u00f3n ser\u00e1 la inclusi\u00f3n de La Perla como albergue de una de las plazas culturales, en donde se llevar\u00e1n a cabo diversas actividades desde el jueves, 18 de enero. La comunidad costera ha duplicado la cantidad de visitantes que recibe desde la publicaci\u00f3n del v\u00eddeo &#8216;Despacito&#8217; de Luis Fonsi y Daddy Yankee.<\/p>\n<p>Adem\u00e1s de La Perla, las plazas del Quinto Centenario, de Armas, la plaza Col\u00f3n y la Barandilla estar\u00e1n activas como de costumbre con presentaciones art\u00edsticas hasta las 11 p.m. de miercoles a s\u00e1bado. El domingo, ser\u00e1 hasta las 9 p.m.<\/p>\n<p>Del mismo modo, mientras las Fiestas de la Calle San Sebasti\u00e1n ser\u00e1n inauguradas oficialmente el jueves, 17 de enero, el d\u00eda antes el Viejo San Juan ser\u00e1 escenario de presentaciones ac\u00fasticas a modo de otorgarle un d\u00eda adicional a los comerciantes de la isleta.<\/p>\n<p>&#8216;Como los comerciantes del Viejo San Juan quer\u00edan se aumentara dos horas adicionales cada noche y no se pod\u00eda, para acomodar esa petici\u00f3n de los comerciantes, que no van a recuperar todo lo que no hicieron en esos meses pero que un poco van a hacer &#8216;catch up&#8217;, el miercoles es ac\u00fastico. As\u00ed es que la oferta cultural corre de seis de la tarde a diez de la noche&#8217;, anunci\u00f3 Cruz Soto.<\/p>\n<p>Ese d\u00eda, la acci\u00f3n se centrar\u00e1 en las plazas.<\/p>\n<p>En la Plaza del Quinto Centenario estar\u00e1n: la Universidad Interamericana con su oferta cultural, Los Pleneros del M\u00e1s All\u00e1, a cargo de estudiantes y alumnos del programa de m\u00fasica popular de la Inter Metro, La Secta y Sie7e.<\/p>\n<p>En la Barandilla: la Tuna de la Universidad de Puerto Rico (UPR), el Conjunto Criollo de la UPR y la Tuna Bardos de la UPR.<\/p>\n<p>En la Plaza Col\u00f3n y la Plaza de Armas: el Departamento de Cultura del Municipio de San Juan tendr\u00e1 los &#8216;Adoqu\u00edn Jamming Nights&#8217;, acto que se presenta todos los viernes desde el 2013 en el ayuntamiento.<\/p>\n<p>Al hacer el anuncio, la Alcaldesa estuvo flanqueada por personalidades como Pirulo y la Tribu, Oscar &#8216;Oscarito&#8217; Serrano, Victoria Sanabria, Humberto Ram\u00edrez, La Tribu de Abrante y Jose Nogueras, entre otros que amenizar\u00e1n el evento.<\/p>\n<p>Las cantantes Olga Ta\u00f1\u00f3n, Choco Orta y Melina Le\u00f3n, as\u00ed como la banda Algarete tambien tendr\u00e1n una presentaci\u00f3n en tarima. Los actos ser\u00e1n manejados por Braulio Castillo, hijo, Cristina Soler, Millie Gil y Lizmarie Quintana.<\/p>\n<p>En las fiestas trabajar\u00e1n 2,390 empleados municipales y personal contratado, as\u00ed como 250 voluntarios. Igualmente, cuentan con la colaboraci\u00f3n de 27 dependencia de San Juan, 22 agencias estatales y seis federales.<\/p>\n<p>&#8216;Agradezco al gobernador Ricardo Rossell\u00f3 por nuevamente unirse a este monumental esfuerzo en momentos muy dif\u00edciles para el pa\u00eds. Agradezco adem\u00e1s que designara al secretario de Seguridad P\u00fablica, Hector Pesquera, como su representante. Este evento es producto de la coordinaci\u00f3n para dise\u00f1ar todo un elaborado plan de seguridad, transportaci\u00f3n, manejo de emergencias y servicios medicos, reciclaje y limpieza&#8217;, destac\u00f3 Cruz Soto.<\/p>\n<p>En terminos de seguridad, se activar\u00e1n 650 polic\u00edas municipales y la unidad mar\u00edtima, en turnos de 12 horas. A partir del jueves, la Polic\u00eda tendr\u00e1 800 efectivos en rotaciones de tres turnos, en compa\u00f1\u00eda de 225 ujieres de seguridad.<\/p>\n<p>De miercoles a viernes, la transportaci\u00f3n rumbo a San Juan comenzar\u00e1 al medio d\u00eda y finalizar\u00e1 a las 8 p.m. El regreso de las Fiestas a los puntos de encuentro y estacionamientos, localizados en el Hiram Bithorn, la estaci\u00f3n de la Universidad de Sagrado Coraz\u00f3n y el Centro de Convenciones, ser\u00e1 la 1 a.m. esos d\u00edas.<\/p>\n<p>S\u00e1bado y domingo, la transportaci\u00f3n desde los estacionamientos designados hasta el Viejo San Juan iniciar\u00e1 a las 9 a.m. y finalizar\u00e1 a las 8 p.m. De regreso, el s\u00e1bado ser\u00e1 hasta la 1 a.m. y el domingo, hasta las 11 p.m.<\/p>\n<p>Todos los d\u00edas, salvo el domingo, los negocios cerrar\u00e1n a la medianoche.<\/p>\n<p>El domingo, cerrar\u00e1n a las 10 p.m.<\/p>\n<p><img decoding=\"async\" embed-content-articleid=\"684118119\" embed-content-groupid=\"593030471\" embed-content-id=\"684163973\" embed-content-imgalign=\"none\" embed-content-index=\"0\" embed-content-type=\"subStoryType\" height=\"240px\" src=\"https:\/\/media.noticel.com\/o2com-noti-media-us-east-1\/photo\/2018\/01\/10\/2018%20CP%20CARMEN%20YULIN%20SANSE%202018%204_1515612630116.jpg_9951511_ver1.0_160_90.jpg\" style=\"width:100%;\" width=\"360px\"\/><\/p>","protected":false},"excerpt":{"rendered":"<p>Empezar\u00e1n el 17 de enero y finalizar\u00e1n el 21. Con el lema &#8216;cultura, turismo y trabajo&#8217;, la alcaldesa de San Juan, Carmen Yul\u00edn Cruz Soto dio por comenzada la log\u00edstica municipal de las Fiestas de la Calle San Sebasti\u00e1n, a celebrarse desde el miercoles, 17 de enero, al domingo, 21 de enero. Ante el impacto [&hellip;]<\/p>","protected":false},"author":0,"featured_media":469516,"comment_status":"closed","ping_status":"closed","sticky":false,"template":"","format":"standard","meta":{"_acf_changed":false,"_monsterinsights_skip_tracking":false,"ep_exclude_from_search":false,"footnotes":""},"categories":[2],"tags":[],"class_list":["post-17479","post","type-post","status-publish","format-standard","has-post-thumbnail","hentry","category-ultima-hora"],"acf":[],"aioseo_notices":[],"_links":{"self":[{"href":"https:\/\/noticel.com\/en\/wp-json\/wp\/v2\/posts\/17479","targetHints":{"allow":["GET"]}}],"collection":[{"href":"https:\/\/noticel.com\/en\/wp-json\/wp\/v2\/posts"}],"about":[{"href":"https:\/\/noticel.com\/en\/wp-json\/wp\/v2\/types\/post"}],"replies":[{"embeddable":true,"href":"https:\/\/noticel.com\/en\/wp-json\/wp\/v2\/comments?post=17479"}],"version-history":[{"count":1,"href":"https:\/\/noticel.com\/en\/wp-json\/wp\/v2\/posts\/17479\/revisions"}],"predecessor-version":[{"id":469518,"href":"https:\/\/noticel.com\/en\/wp-json\/wp\/v2\/posts\/17479\/revisions\/469518"}],"wp:featuredmedia":[{"embeddable":true,"href":"https:\/\/noticel.com\/en\/wp-json\/wp\/v2\/media\/469516"}],"wp:attachment":[{"href":"https:\/\/noticel.com\/en\/wp-json\/wp\/v2\/media?parent=17479"}],"wp:term":[{"taxonomy":"category","embeddable":true,"href":"https:\/\/noticel.com\/en\/wp-json\/wp\/v2\/categories?post=17479"},{"taxonomy":"post_tag","embeddable":true,"href":"https:\/\/noticel.com\/en\/wp-json\/wp\/v2\/tags?post=17479"}],"curies":[{"name":"wp","href":"https:\/\/api.w.org\/{rel}","templated":true}]}}