{"id":17447,"date":"2018-07-21T00:00:00","date_gmt":"2018-07-21T04:00:00","guid":{"rendered":"http:\/\/www.noticel.com\/ahora\/pnp\/politica\/top-stories\/20180721\/rossello-confunde-historia-del-padre-de-la-estadidad\/"},"modified":"2025-07-16T19:13:05","modified_gmt":"2025-07-16T19:13:05","slug":"rossello-confunde-historia-del-padre-de-la-estadidad","status":"publish","type":"post","link":"https:\/\/noticel.com\/en\/ultima-hora\/20180721\/rossello-confunde-historia-del-padre-de-la-estadidad\/","title":{"rendered":"Rossell\u00f3 confunde historia del padre de la estadidad"},"content":{"rendered":"<p><i>En discurso ante la NAACP<\/i><\/p>\n<p>La atropellada visita del gobernador Ricardo Rossell\u00f3 a la convenci\u00f3n de la Asociaci\u00f3n Nacional para el Progreso de las Personas de Color, conocida por sus siglas en ingles como NAACP, de la cual recibi\u00f3 un fugaz endoso a la estadidad, no fue el \u00fanico tropiezo del primer mandatario en su gesti\u00f3n para adelantar la descolonizaci\u00f3n de Puerto Rico.<\/p>\n<p>Durante su discurso, Rossell\u00f3 se inspir\u00f3 en la memoria de Jose Celso Barbosa, uno de los padres fundadores del movimiento estadista en la Isla, para contarle a los asistentes de las vicisitudes que los ciudadanos en Puerto Rico han tenido que pasar a traves de los a\u00f1os.<\/p>\n<p>Curiosamente en esa historia, el Gobernador cont\u00f3 c\u00f3mo Barbosa no fue aceptado a la Universidad de Puerto Rico a pesar de tener las credenciales para ello por ser un hombre negro.<\/p>\n<p>Sin embargo, los datos son incorrectos. La Universidad de Puerto Rico no existi\u00f3 hasta el 1903 luego de la ocupaci\u00f3n estadounidense en la Isla. En ese sentido, s\u00ed es correcto que Barbosa fue el primer puertorrique\u00f1o medico graduado en una universidad estadounidense, pero eso ocurri\u00f3 en el 1870 de la Universidad de Michigan en Ann Arbor. De hecho, la UPR abri\u00f3 18 a\u00f1os antes del fallecimiento de Barbosa en el 1921 y m\u00e1s a\u00fan, la primera versi\u00f3n de lo que se podr\u00eda considerar una escuela de medicina formal en la Isla fue el Instituto de Medicina Tropical que comenz\u00f3 a operar en 1912.<\/p>\n<p>Por tanto, la UPR nunca pudo rechazar a Barbosa, como dijo Rossell\u00f3, porque no exist\u00eda en ese entonces.<\/p>\n<p>Algunos datos biogr\u00e1ficos apuntan a que Barbosa confront\u00f3 problemas a su regreso a Puerto Rico para que se le reconociera su grado academico como doctor en medicina, porque al graduarse todav\u00eda Puerto Rico estaba bajo la ocupaci\u00f3n de La Corona espa\u00f1ola y tuvo que miembros del cuerpo consular de los Estados Unidos en la Isla asistir en la validaci\u00f3n de sus credenciales, pues la costumbre entonces era reconocer grados academicos que fuesen obtenidos en alguna universidad europea.<\/p>\n<p>Otro dato que Rossell\u00f3 parece engrandecer o confundir sobre Barbosa es su procedencia. En su discurso apunta que este emigr\u00f3 a Puerto Rico, sin embargo, el pr\u00f3cer estadista naci\u00f3 en Bayam\u00f3n el 27 de julio de 1857. De hecho, la casa donde naci\u00f3 hoy d\u00eda es un museo d\u00f3nde se han realizado actividades en celebraci\u00f3n de su natalicio y en pro de la lucha de la estadidad.<\/p>\n<p>Adicionalmente, el Gobernador en su discurso afirma que Barbosa se convenci\u00f3 de ser estadista luego de su experiencia como estudiante en los Estados Unidos. Eso ha sido debatido por la historia, pues el pr\u00f3cer se comenz\u00f3 a interesarse por la pol\u00edtica m\u00e1s tarde en su carrera, primero como miembro del Partido Autonomista liderado por Rom\u00e1n Baldorioty De Castro y luego en el 1899 tras la Guerra Hispanoamericana y la invasi\u00f3n estadounidense en la Isla, funda el Partido Republicano de Puerto Rico que favorec\u00eda la estadidad para la Isla.<\/p>\n<p><strong>Puedes ver <a href=\"https:\/\/noticel.com\/en\/ahora\/politica\/pnp\/rossello-y-su-version-biografica-de-la-vida-de-barbosa\/771008373\/\">el momento aqu\u00ed<\/a><\/strong><\/p>\n<p><strong><img decoding=\"async\" embed-content-articleid=\"771008373\" embed-content-groupid=\"593030471\" embed-content-id=\"771009019\" embed-content-imgalign=\"none\" embed-content-index=\"0\" embed-content-location=\"input_story-body\" embed-content-type=\"subStoryType\" height=\"240px\" src=\"https:\/\/media.noticel.com\/o2com-noti-media-us-east-1\/photo\/2018\/07\/20\/BARBOSARICKY20180720214422_12489568_ver1.0_160_90.jpg\" style=\"width:100%;\" width=\"360px\"\/><\/strong><\/p>","protected":false},"excerpt":{"rendered":"<p>En discurso ante la NAACP La atropellada visita del gobernador Ricardo Rossell\u00f3 a la convenci\u00f3n de la Asociaci\u00f3n Nacional para el Progreso de las Personas de Color, conocida por sus siglas en ingles como NAACP, de la cual recibi\u00f3 un fugaz endoso a la estadidad, no fue el \u00fanico tropiezo del primer mandatario en su [&hellip;]<\/p>","protected":false},"author":0,"featured_media":469718,"comment_status":"closed","ping_status":"closed","sticky":false,"template":"","format":"standard","meta":{"_acf_changed":false,"_monsterinsights_skip_tracking":false,"ep_exclude_from_search":false,"footnotes":""},"categories":[7,2],"tags":[],"class_list":["post-17447","post","type-post","status-publish","format-standard","has-post-thumbnail","hentry","category-politica","category-ultima-hora"],"acf":[],"aioseo_notices":[],"_links":{"self":[{"href":"https:\/\/noticel.com\/en\/wp-json\/wp\/v2\/posts\/17447","targetHints":{"allow":["GET"]}}],"collection":[{"href":"https:\/\/noticel.com\/en\/wp-json\/wp\/v2\/posts"}],"about":[{"href":"https:\/\/noticel.com\/en\/wp-json\/wp\/v2\/types\/post"}],"replies":[{"embeddable":true,"href":"https:\/\/noticel.com\/en\/wp-json\/wp\/v2\/comments?post=17447"}],"version-history":[{"count":1,"href":"https:\/\/noticel.com\/en\/wp-json\/wp\/v2\/posts\/17447\/revisions"}],"predecessor-version":[{"id":469719,"href":"https:\/\/noticel.com\/en\/wp-json\/wp\/v2\/posts\/17447\/revisions\/469719"}],"wp:featuredmedia":[{"embeddable":true,"href":"https:\/\/noticel.com\/en\/wp-json\/wp\/v2\/media\/469718"}],"wp:attachment":[{"href":"https:\/\/noticel.com\/en\/wp-json\/wp\/v2\/media?parent=17447"}],"wp:term":[{"taxonomy":"category","embeddable":true,"href":"https:\/\/noticel.com\/en\/wp-json\/wp\/v2\/categories?post=17447"},{"taxonomy":"post_tag","embeddable":true,"href":"https:\/\/noticel.com\/en\/wp-json\/wp\/v2\/tags?post=17447"}],"curies":[{"name":"wp","href":"https:\/\/api.w.org\/{rel}","templated":true}]}}