{"id":173131,"date":"2022-01-25T06:51:11","date_gmt":"2022-01-25T10:51:11","guid":{"rendered":"https:\/\/www.noticel.com\/la-calle\/policiacas\/20220125\/policia-reporta-asesinatos-en-canovanas-y-san-juan\/"},"modified":"2025-07-14T05:15:46","modified_gmt":"2025-07-14T05:15:46","slug":"policia-reporta-asesinatos-en-canovanas-y-san-juan","status":"publish","type":"post","link":"https:\/\/noticel.com\/en\/noticias\/la-calle\/20220125\/policia-reporta-asesinatos-en-canovanas-y-san-juan\/","title":{"rendered":"Polic\u00eda reporta asesinatos en Can\u00f3vanas y San Juan"},"content":{"rendered":"<h3>Una de las v\u00edctimas a\u00fan no ha sido identificada<\/h3>\n<p>Un asesinato fue reportado a eso de las 9:49 de la noche del lunes ayer, en el \u00e1rea de la cancha de la urbanizaci\u00f3n Brisas de Can\u00f3vanas en Can\u00f3vanas.<\/p>\n<p>Seg\u00fan el reporte preliminar, se recibi\u00f3 una llamada a trav\u00e9s del sistema de emergencias 9-1-1 sobre detonaciones en el lugar.<\/p>\n<p>Al llegar los agentes encontraron el cuerpo baleado de Jonathan Delgado Rodr\u00edguez, de 22 a\u00f1os.<\/p>\n<p>La agente Lianis Mart\u00ednez, de la Divisi\u00f3n de Homicidios del Cuerpo de Investigaciones Criminales de Carolina, y el fiscal Omar Barroso investigan.<\/p>\n<p><strong id=\"strong-194f9455c02d44383b7dc1b921316875\">Asesinan a otro en San Juan<\/strong><\/p><div class=\"notic-content-middle\" id=\"notic-1345275020\"><div class=\"notic-adlabel\">Advertisements<\/div><a data-no-instant=\"1\" href=\"https:\/\/qrco.de\/bgxd5v\" rel=\"noopener\" class=\"a2t-link\" target=\"_blank\" aria-label=\"DisplayAds-300&#215;2502\"><img loading=\"lazy\" decoding=\"async\" src=\"https:\/\/cdn.noticel.com\/2026\/09\/02200544\/DisplayAds-300x2502-1.jpg\" alt=\"\"  srcset=\"https:\/\/cdn.noticel.com\/2026\/09\/02200544\/DisplayAds-300x2502-1.jpg 300w, https:\/\/cdn.noticel.com\/2026\/09\/02200544\/DisplayAds-300x2502-1-14x12.jpg 14w\" sizes=\"(max-width: 300px) 100vw, 300px\" width=\"300\" height=\"250\"   \/><\/a><\/div>\n<p>Un asesinato fue reportado a las 5:21 de la tarde del lunes, en la calle Felipe Guti\u00e9rrez de la urbanizaci\u00f3n Villa Prades en R\u00edo Piedras.<\/p>\n<p>Seg\u00fan el reporte preliminar, se recibi\u00f3 una llamada a trav\u00e9s del Sistema de Emergencias 9-1-1, sobre una persona herida de bala en el mencionado lugar. Al llegar los agentes, encontraron en el asiento posterior del veh\u00edculo Hyundai Accent, el cuerpo de un hombre con m\u00faltiples heridas de bala en diferentes partes del cuerpo.<\/p>\n<p>Fue descrito como de tez blanca, 6 pies de estatura, 200 libras de peso y vest\u00eda una camisa color azul y un pantal\u00f3n largo negro. Al momento se desconoce el m\u00f3vil de los hechos.<\/p>\n<p>El agente Luis Cordero, adscrito a la Divisi\u00f3n de Homicidios del Cuerpo de Investigaciones Criminales de San Juan, y el fiscal Luis Carrau investigan.<\/p>","protected":false},"excerpt":{"rendered":"<p>Una de las v\u00edctimas a\u00fan no ha sido identificada Un asesinato fue reportado a eso de las 9:49 de la noche del lunes ayer, en el \u00e1rea de la cancha de la urbanizaci\u00f3n Brisas de Can\u00f3vanas en Can\u00f3vanas. Seg\u00fan el reporte preliminar, se recibi\u00f3 una llamada a trav\u00e9s del sistema de emergencias 9-1-1 sobre detonaciones [&hellip;]<\/p>","protected":false},"author":0,"featured_media":303499,"comment_status":"closed","ping_status":"closed","sticky":false,"template":"","format":"standard","meta":{"_acf_changed":false,"_monsterinsights_skip_tracking":false,"ep_exclude_from_search":false,"footnotes":""},"categories":[12,15],"tags":[],"class_list":["post-173131","post","type-post","status-publish","format-standard","has-post-thumbnail","hentry","category-la-calle","category-policiacas"],"acf":[],"aioseo_notices":[],"_links":{"self":[{"href":"https:\/\/noticel.com\/en\/wp-json\/wp\/v2\/posts\/173131","targetHints":{"allow":["GET"]}}],"collection":[{"href":"https:\/\/noticel.com\/en\/wp-json\/wp\/v2\/posts"}],"about":[{"href":"https:\/\/noticel.com\/en\/wp-json\/wp\/v2\/types\/post"}],"replies":[{"embeddable":true,"href":"https:\/\/noticel.com\/en\/wp-json\/wp\/v2\/comments?post=173131"}],"version-history":[{"count":1,"href":"https:\/\/noticel.com\/en\/wp-json\/wp\/v2\/posts\/173131\/revisions"}],"predecessor-version":[{"id":303500,"href":"https:\/\/noticel.com\/en\/wp-json\/wp\/v2\/posts\/173131\/revisions\/303500"}],"wp:featuredmedia":[{"embeddable":true,"href":"https:\/\/noticel.com\/en\/wp-json\/wp\/v2\/media\/303499"}],"wp:attachment":[{"href":"https:\/\/noticel.com\/en\/wp-json\/wp\/v2\/media?parent=173131"}],"wp:term":[{"taxonomy":"category","embeddable":true,"href":"https:\/\/noticel.com\/en\/wp-json\/wp\/v2\/categories?post=173131"},{"taxonomy":"post_tag","embeddable":true,"href":"https:\/\/noticel.com\/en\/wp-json\/wp\/v2\/tags?post=173131"}],"curies":[{"name":"wp","href":"https:\/\/api.w.org\/{rel}","templated":true}]}}