{"id":172867,"date":"2022-01-18T16:08:09","date_gmt":"2022-01-18T20:08:09","guid":{"rendered":"https:\/\/www.noticel.com\/ahora\/20220118\/en-vivo-edward-oneill-sale-de-reunion-con-el-gobernador\/"},"modified":"2025-07-15T04:12:08","modified_gmt":"2025-07-15T04:12:08","slug":"en-vivo-edward-oneill-sale-de-reunion-con-el-gobernador","status":"publish","type":"post","link":"https:\/\/noticel.com\/en\/ultima-hora\/20220118\/en-vivo-edward-oneill-sale-de-reunion-con-el-gobernador\/","title":{"rendered":"EN VIVO: Edward O&#8217;Neill sale de reuni\u00f3n con el Gobernador"},"content":{"rendered":"<h3>Vea la transmisi\u00f3n aqu\u00ed.<\/h3>\n<p>A solo tres d\u00edas de su elecci\u00f3n como alcalde de Guaynabo, Edward O&#8217;Neill habla con NotiCel a su salida de una reuni\u00f3n con el gobernador, Pedro R. Pierluisi Urrutia.<\/p><div class=\"notic-content-middle\" id=\"notic-2603163506\"><div class=\"notic-adlabel\">Advertisements<\/div><a data-no-instant=\"1\" href=\"https:\/\/qrco.de\/bgxd5v\" rel=\"noopener\" class=\"a2t-link\" target=\"_blank\" aria-label=\"image002\"><img loading=\"lazy\" decoding=\"async\" src=\"https:\/\/cdn.noticel.com\/2026\/09\/04152516\/image002.jpg\" alt=\"\"  srcset=\"https:\/\/cdn.noticel.com\/2026\/09\/04152516\/image002.jpg 288w, https:\/\/cdn.noticel.com\/2026\/09\/04152516\/image002-14x12.jpg 14w\" sizes=\"(max-width: 288px) 100vw, 288px\" width=\"288\" height=\"240\"   \/><\/a><\/div>\n<p>Mira sus declaraciones en vivo a continuaci\u00f3n o <a href=\"https:\/\/www.facebook.com\/noticelpr\/videos\/290988913013175\" id=\"link-5578618e2d93f9210768e252fdef086b\">pulsando aqu\u00ed<\/a>.<\/p>\n<p><iframe loading=\"lazy\" src=\"https:\/\/www.facebook.com\/plugins\/video.php?height=314&#038;href=https%3A%2F%2Fwww.facebook.com%2Fnoticelpr%2Fvideos%2F290988913013175%2F&#038;show_text=false&#038;width=560&#038;t=0\" width=\"560\" height=\"314\" style=\"border:none;overflow:hidden\" scrolling=\"no\" frameborder=\"0\" allowfullscreen=\"true\" allow=\"autoplay; clipboard-write; encrypted-media; picture-in-picture; web-share\"><\/iframe><\/p>","protected":false},"excerpt":{"rendered":"<p>Vea la transmisi\u00f3n aqu\u00ed. A solo tres d\u00edas de su elecci\u00f3n como alcalde de Guaynabo, Edward O&#8217;Neill habla con NotiCel a su salida de una reuni\u00f3n con el gobernador, Pedro R. Pierluisi Urrutia. Mira sus declaraciones en vivo a continuaci\u00f3n o pulsando aqu\u00ed.<\/p>","protected":false},"author":0,"featured_media":304191,"comment_status":"closed","ping_status":"closed","sticky":false,"template":"","format":"standard","meta":{"_acf_changed":false,"_monsterinsights_skip_tracking":false,"ep_exclude_from_search":false,"footnotes":""},"categories":[2],"tags":[],"class_list":["post-172867","post","type-post","status-publish","format-standard","has-post-thumbnail","hentry","category-ultima-hora"],"acf":[],"aioseo_notices":[],"_links":{"self":[{"href":"https:\/\/noticel.com\/en\/wp-json\/wp\/v2\/posts\/172867","targetHints":{"allow":["GET"]}}],"collection":[{"href":"https:\/\/noticel.com\/en\/wp-json\/wp\/v2\/posts"}],"about":[{"href":"https:\/\/noticel.com\/en\/wp-json\/wp\/v2\/types\/post"}],"replies":[{"embeddable":true,"href":"https:\/\/noticel.com\/en\/wp-json\/wp\/v2\/comments?post=172867"}],"version-history":[{"count":1,"href":"https:\/\/noticel.com\/en\/wp-json\/wp\/v2\/posts\/172867\/revisions"}],"predecessor-version":[{"id":304193,"href":"https:\/\/noticel.com\/en\/wp-json\/wp\/v2\/posts\/172867\/revisions\/304193"}],"wp:featuredmedia":[{"embeddable":true,"href":"https:\/\/noticel.com\/en\/wp-json\/wp\/v2\/media\/304191"}],"wp:attachment":[{"href":"https:\/\/noticel.com\/en\/wp-json\/wp\/v2\/media?parent=172867"}],"wp:term":[{"taxonomy":"category","embeddable":true,"href":"https:\/\/noticel.com\/en\/wp-json\/wp\/v2\/categories?post=172867"},{"taxonomy":"post_tag","embeddable":true,"href":"https:\/\/noticel.com\/en\/wp-json\/wp\/v2\/tags?post=172867"}],"curies":[{"name":"wp","href":"https:\/\/api.w.org\/{rel}","templated":true}]}}