{"id":172243,"date":"2022-01-01T05:45:00","date_gmt":"2022-01-01T09:45:00","guid":{"rendered":"https:\/\/www.noticel.com\/?post_type=article&#038;p=172243"},"modified":"2025-07-15T05:36:41","modified_gmt":"2025-07-15T05:36:41","slug":"laboratorios-esperan-otra-avalancha-de-personas-para-la-semana-que-viene","status":"publish","type":"post","link":"https:\/\/noticel.com\/en\/ultima-hora\/20220101\/laboratorios-esperan-otra-avalancha-de-personas-para-la-semana-que-viene\/","title":{"rendered":"Laboratorios esperan otra avalancha de personas para la semana que viene"},"content":{"rendered":"<h3>Tras las fiestas de Despedida de A\u00f1o y la celebraci\u00f3n del A\u00f1o Nuevo.<\/h3>\n<p>El constante incremento en casos de covid-19, unido a las festividades navide\u00f1as para este fin de semana, podr\u00edan provocar una nueva ola de personas haciendo largas filas en los laboratorios para la pr\u00f3xima semana en busca de pruebas, para las que ya, de por s\u00ed, no dan abasto.<\/p>\n<p>Ante ese escenario, la presidenta de la Asociaci\u00f3n de Laboratorios Cl\u00ednicos de Puerto Rico, la licenciada Laura Trujillo, insisti\u00f3 que en Puerto Rico hay pruebas suficientes para detectar el virus, pero pidi\u00f3 a las personas que sean juiciosas a la hora de acudir en busca de ellas para evitar congesti\u00f3n en los laboratorios.<\/p>\n<p>\u201cNos reiteramos en que hay suficientes pruebas en Puerto Rico. No es que nos vamos a quedar sin pruebas. Lo que s\u00ed es que muchos laboratorios est\u00e1n restringiendo la cantidad de pruebas por d\u00eda para proteger el personal del desgaste y para racionar el inventario porque, aunque nos est\u00e1n llegando pruebas, uno nunca sabe\u201d, sostuvo.<\/p>\n<p>\u201cHay una demanda bien alta. Nosotros tenemos poco m\u00e1s de 200 laboratorios asociados y tengo asociados que atienden hasta 250 casos de covid-19 al d\u00eda. En Puerto Rico hay sobre 900 laboratorios. Aqu\u00ed se est\u00e1n haciendo sobre 10,000 pruebas al d\u00eda\u201d, subray\u00f3.<\/p>\n<p><strong id=\"strong-4be1e98098a4b1da402a7ecea63b011f\">Nota relacionada: <\/strong><a href=\"https:\/\/noticel.com\/en\/salud\/ahora\/20211230\/coalicion-cientifica-proyecta-mas-hospitalizaciones\/\" id=\"link-1c60764c136fa4d658ca6e5c8a9dae46\">Coalici\u00f3n Cient\u00edfica proyecta m\u00e1s hospitalizaciones<\/a><\/p>\n<p>Trujillo resalt\u00f3 que se ha reflejado un atraso en la divulgaci\u00f3n de resultados de las pruebas PCR porque la cantidad que est\u00e1n procesando los laboratorios es enorme.<\/p>\n<p>\u201cCon la de ant\u00edgeno no tenemos ning\u00fan problema, porque tenemos la capacidad de hacerla en nuestros propios laboratorios. El problema que estamos confrontando es con las pruebas de PCR (molecular). La mayor\u00eda de quienes la realizan son laboratorios de referencia y ellos tuvieron una avalancha tan grande a principios de la semana pasada que, en un solo d\u00eda, uno de los laboratorios recibi\u00f3 m\u00e1s de 15,000 pruebas. La capacidad de los laboratorios es de cerca de 2,500 pruebas al d\u00eda trabajando 24\/7\u201d, cont\u00f3 la licenciada, quien agreg\u00f3 que, al recibir esa inundaci\u00f3n de pruebas, tuvieron que cortar el recibo de muestras adicionales porque se iban a da\u00f1ar o no iban a poder cumplir con el tiempo.<\/p>\n<p>\u201cUna prueba de covid-19 de cinco d\u00edas no tiene utilidad m\u00e9dica. O sea, ya para qu\u00e9\u201d, agreg\u00f3.<\/p><div class=\"notic-content-middle\" id=\"notic-3488324621\"><div class=\"notic-adlabel\">Advertisements<\/div><a data-no-instant=\"1\" href=\"https:\/\/www.asegurate-bien.com\/\" rel=\"noopener\" class=\"a2t-link\" target=\"_blank\" aria-label=\"Acodese-Adaptaciones-Noticel-728&#215;90\"><img loading=\"lazy\" decoding=\"async\" src=\"https:\/\/cdn.noticel.com\/2026\/07\/30095222\/Acodese-Adaptaciones-Noticel-728x90-1.jpg\" alt=\"\"  srcset=\"https:\/\/cdn.noticel.com\/2026\/07\/30095222\/Acodese-Adaptaciones-Noticel-728x90-1.jpg 728w, https:\/\/cdn.noticel.com\/2026\/07\/30095222\/Acodese-Adaptaciones-Noticel-728x90-1-300x37.jpg 300w, https:\/\/cdn.noticel.com\/2026\/07\/30095222\/Acodese-Adaptaciones-Noticel-728x90-1-18x2.jpg 18w\" sizes=\"(max-width: 728px) 100vw, 728px\" width=\"728\" height=\"90\"   \/><\/a><\/div>\n<p>El informe de covid-19 del Departamento de Salud report\u00f3 el viernes sobre 1,875 casos positivos confirmados y siete muertes.El \u00edndice de positividad alcanz\u00f3 el 32% y las hospitalizaciones llegaron a 403 (entre casos pedi\u00e1tricos y adultos).<\/p>\n<p>Trujillo indic\u00f3 que una persona que tenga los s\u00edntomas y arroje positivo a una prueba de ant\u00edgeno, no es necesario que lo confirme con una prueba molecular.<\/p>\n<p>\u201cLa recomendaci\u00f3n es que se hagan la prueba si es necesario, ya sea porque tiene s\u00edntomas, o si estuvo en contacto con alguien que est\u00e1 positivo. Que esperen cinco d\u00edas luego de la exposici\u00f3n con esa persona para hacerse la prueba para asegurarse que capta tambi\u00e9n el virus. Pero si usted no tiene s\u00edntoma, si no es el tiempo adecuando, no se haga la prueba\u201d, destac\u00f3.<\/p>\n<p><strong id=\"strong-bb108beeb8eb218f58cf147148d9fa1d\">Lea tambi\u00e9n:<\/strong> <a href=\"https:\/\/noticel.com\/en\/ahora\/top-stories\/20211230\/fideicomiso-de-salud-publica-recomienda-celebrar-el-ano-nuevo-con-su-nucleo-familiar\/\" id=\"link-085be622dd8b81081f898f567d29f030\">Fideicomiso de Salud P\u00fablica recomienda celebrar el A\u00f1o Nuevo con su n\u00facleo familiar<\/a><\/p>\n<p>\u201cS\u00e9 que hay unas \u00f3rdenes ejecutivas dadas por el gobierno para (asistir a) los chinchorreos, los restaurantes, actividades y dem\u00e1s, pero si usted se va a exponer en una fila de dos horas al lado de una persona que usted no sabe si est\u00e1 contagiado, para poder llevar un papel a una fiesta, no se exponga. Mejor qu\u00e9dese en su casa\u201d, subray\u00f3.<\/p>\n<p>Trujillo mostr\u00f3 preocupaci\u00f3n por la enorme cantidad de reuniones familiares que se llevan a cabo entre esta noche y ma\u00f1ana para las fiestas de Despedida de A\u00f1o y la celebraci\u00f3n del A\u00f1o Nuevo y que podr\u00edan incrementar a\u00fan m\u00e1s la cantidad de contagios y hospitalizaciones en la Isla.<\/p>\n<p>\u201cQue las personas este fin de a\u00f1o la pasen en su n\u00facleo familiar. Si van a compartir con familia extendida, que mantengan distancia, mascarillas, que se sigan cuidando y el que pueda, que se vacune. No se conf\u00ede que, porque usted tiene una prueba negativa hace dos d\u00edas negativa, piense que est\u00e1 bien, porque pudo haber estado encubando el virus y el d\u00eda de la fiesta ya estar en una etapa infecciosa\u201d, sentenci\u00f3.<\/p>","protected":false},"excerpt":{"rendered":"<p>Tras las fiestas de Despedida de A\u00f1o y la celebraci\u00f3n del A\u00f1o Nuevo. El constante incremento en casos de covid-19, unido a las festividades navide\u00f1as para este fin de semana, podr\u00edan provocar una nueva ola de personas haciendo largas filas en los laboratorios para la pr\u00f3xima semana en busca de pruebas, para las que ya, [&hellip;]<\/p>","protected":false},"author":0,"featured_media":308253,"comment_status":"closed","ping_status":"closed","sticky":false,"template":"","format":"standard","meta":{"_acf_changed":false,"_monsterinsights_skip_tracking":false,"ep_exclude_from_search":false,"footnotes":""},"categories":[2],"tags":[],"class_list":["post-172243","post","type-post","status-publish","format-standard","has-post-thumbnail","hentry","category-ultima-hora"],"acf":[],"aioseo_notices":[],"_links":{"self":[{"href":"https:\/\/noticel.com\/en\/wp-json\/wp\/v2\/posts\/172243","targetHints":{"allow":["GET"]}}],"collection":[{"href":"https:\/\/noticel.com\/en\/wp-json\/wp\/v2\/posts"}],"about":[{"href":"https:\/\/noticel.com\/en\/wp-json\/wp\/v2\/types\/post"}],"replies":[{"embeddable":true,"href":"https:\/\/noticel.com\/en\/wp-json\/wp\/v2\/comments?post=172243"}],"version-history":[{"count":1,"href":"https:\/\/noticel.com\/en\/wp-json\/wp\/v2\/posts\/172243\/revisions"}],"predecessor-version":[{"id":308256,"href":"https:\/\/noticel.com\/en\/wp-json\/wp\/v2\/posts\/172243\/revisions\/308256"}],"wp:featuredmedia":[{"embeddable":true,"href":"https:\/\/noticel.com\/en\/wp-json\/wp\/v2\/media\/308253"}],"wp:attachment":[{"href":"https:\/\/noticel.com\/en\/wp-json\/wp\/v2\/media?parent=172243"}],"wp:term":[{"taxonomy":"category","embeddable":true,"href":"https:\/\/noticel.com\/en\/wp-json\/wp\/v2\/categories?post=172243"},{"taxonomy":"post_tag","embeddable":true,"href":"https:\/\/noticel.com\/en\/wp-json\/wp\/v2\/tags?post=172243"}],"curies":[{"name":"wp","href":"https:\/\/api.w.org\/{rel}","templated":true}]}}