{"id":172125,"date":"2021-12-28T18:12:44","date_gmt":"2021-12-28T22:12:44","guid":{"rendered":"https:\/\/www.noticel.com\/ahora\/top-stories\/20211228\/pastillas-contra-el-covid-19-estaran-llegando-a-puerto-rico-manana\/"},"modified":"2025-07-15T05:54:46","modified_gmt":"2025-07-15T05:54:46","slug":"pastillas-contra-el-covid-19-estaran-llegando-a-puerto-rico-manana","status":"publish","type":"post","link":"https:\/\/noticel.com\/en\/ultima-hora\/20211228\/pastillas-contra-el-covid-19-estaran-llegando-a-puerto-rico-manana\/","title":{"rendered":"Pastillas contra el Covid-19 estar\u00e1n llegando a Puerto Rico ma\u00f1ana"},"content":{"rendered":"<p><i>Se administrar\u00e1n solo con receta de un m\u00e9dico.<\/i><\/p>\n<p>A partir de ma\u00f1ana, mi\u00e9rcoles, llegar\u00e1n a Puerto Rico antivirales orales contra el Covid-19 autorizados para uso de emergencia por la Administraci\u00f3n de Medicamentos y Alimentos (FDA, por sus siglas en ingl\u00e9s).<\/p>\n<p>\u201c(La pastilla) debe ser recetada por un doctor que eval\u00fae el cuadro del paciente con una prueba positiva de Covid-19, y a la vez se debe hacer una evaluaci\u00f3n de las interacciones de otros medicamentos que tome el paciente\u201d, se\u00f1al\u00f3 en conferencia de prensa la principal oficial m\u00e9dico del Departamento de Salud, Iris Cardona.<\/p>\n<p>De la pastilla de Pfizer, se han recibido 560 tratamientos que llegar\u00e1n esta semana, mientras que la p\u00edldora de Merck 2,600 tratamientos fueron asignados para el primer ciclo, y ma\u00f1ana llegar\u00e1n 500 tratamientos.<\/p>\n<p>La tambi\u00e9n pediatra indic\u00f3 que ya hay una asignaci\u00f3n para las farmacias, como la cadena Walgreens que ya empez\u00f3 a recibir el antiviral de Pfizer, y se comenz\u00f3 a distribuir en 28 localizaciones de dicha cadena.<\/p>\n<p>\u201cEs una alternativa para evitar enfermedad severa, complicaciones, y fatalidades en pacientes dentro categor\u00eda de riesgo\u201d, sostuvo Cardona.<\/p>\n<p>Para identificar si el paciente es parte de las categor\u00edas de riesgo se debe tomar en cuenta la edad, enfermedades subyacentes, y riesgos con desarrollo de severo como c\u00e1ncer, diabetes, entre otros.<\/p>\n<p>La p\u00edldora de Pfizer es para pacientes de 12 a\u00f1os en adelante y la de Merck para pacientes de 18 a\u00f1os de edad.<\/p>\n<p>Cardona adelant\u00f3 que ma\u00f1ana habr\u00e1 conversaciones con la comunidad m\u00e9dica para repasar las gu\u00edas para recetar este medicamento.<\/p>\n<p>Pr\u00f3ximamente se ampliar\u00eda la distribuci\u00f3n a farmacias de comunidad, como tambi\u00e9n a farmacias de hospitales que tengan salas de emergencia.<\/p>\n<p><strong id=\"strong-d14590dc9e485abe62b9cfa133453700\">Lea tambi\u00e9n:<\/strong><\/p>\n<p><a href=\"https:\/\/noticel.com\/en\/ahora\/20211222\/fda-autoriza-uso-de-emergencia-de-la-pastilla-contra-el-covid-19-de-pfizer\/\" id=\"link-ad77fc64f5e43266fe040ed8c022bc30\">FDA autoriza uso de emergencia de la pastilla contra el covid-19 de Pfizer<\/a><\/p>\n<p><a href=\"https:\/\/noticel.com\/en\/salud\/ahora\/20211013\/en-vivo-antonia-coello-habla-de-que-esperar-de-la-pastilla-de-merck-contra-el-covid-19\/\" id=\"link-c0f8107205cd61fd9f8defdab10e3bc3\">Antonia Coello habla de qu\u00e9 esperar de la pastilla de Merck contra el covid-19<\/a><\/p>","protected":false},"excerpt":{"rendered":"<p>Se administrar\u00e1n solo con receta de un m\u00e9dico. A partir de ma\u00f1ana, mi\u00e9rcoles, llegar\u00e1n a Puerto Rico antivirales orales contra el Covid-19 autorizados para uso de emergencia por la Administraci\u00f3n de Medicamentos y Alimentos (FDA, por sus siglas en ingl\u00e9s). \u201c(La pastilla) debe ser recetada por un doctor que eval\u00fae el cuadro del paciente con [&hellip;]<\/p>","protected":false},"author":0,"featured_media":309558,"comment_status":"closed","ping_status":"closed","sticky":false,"template":"","format":"standard","meta":{"_acf_changed":false,"_monsterinsights_skip_tracking":false,"ep_exclude_from_search":false,"footnotes":""},"categories":[2],"tags":[],"class_list":["post-172125","post","type-post","status-publish","format-standard","has-post-thumbnail","hentry","category-ultima-hora"],"acf":[],"aioseo_notices":[],"_links":{"self":[{"href":"https:\/\/noticel.com\/en\/wp-json\/wp\/v2\/posts\/172125","targetHints":{"allow":["GET"]}}],"collection":[{"href":"https:\/\/noticel.com\/en\/wp-json\/wp\/v2\/posts"}],"about":[{"href":"https:\/\/noticel.com\/en\/wp-json\/wp\/v2\/types\/post"}],"replies":[{"embeddable":true,"href":"https:\/\/noticel.com\/en\/wp-json\/wp\/v2\/comments?post=172125"}],"version-history":[{"count":1,"href":"https:\/\/noticel.com\/en\/wp-json\/wp\/v2\/posts\/172125\/revisions"}],"predecessor-version":[{"id":309561,"href":"https:\/\/noticel.com\/en\/wp-json\/wp\/v2\/posts\/172125\/revisions\/309561"}],"wp:featuredmedia":[{"embeddable":true,"href":"https:\/\/noticel.com\/en\/wp-json\/wp\/v2\/media\/309558"}],"wp:attachment":[{"href":"https:\/\/noticel.com\/en\/wp-json\/wp\/v2\/media?parent=172125"}],"wp:term":[{"taxonomy":"category","embeddable":true,"href":"https:\/\/noticel.com\/en\/wp-json\/wp\/v2\/categories?post=172125"},{"taxonomy":"post_tag","embeddable":true,"href":"https:\/\/noticel.com\/en\/wp-json\/wp\/v2\/tags?post=172125"}],"curies":[{"name":"wp","href":"https:\/\/api.w.org\/{rel}","templated":true}]}}