{"id":17198,"date":"2018-05-16T00:00:00","date_gmt":"2018-05-16T04:00:00","guid":{"rendered":"http:\/\/www.noticel.com\/ahora\/la-calle\/legislatura\/top-stories\/20180516\/dtop-se-niega-a-realizar-cambios-en-autoexpreso\/"},"modified":"2025-07-16T19:40:26","modified_gmt":"2025-07-16T19:40:26","slug":"dtop-se-niega-a-realizar-cambios-en-autoexpreso","status":"publish","type":"post","link":"https:\/\/noticel.com\/en\/ultima-hora\/20180516\/dtop-se-niega-a-realizar-cambios-en-autoexpreso\/","title":{"rendered":"DTOP se niega a realizar cambios en AutoExpreso"},"content":{"rendered":"<p><i>Pese a los problemas del sistema.<\/i><\/p>\n<p>El Departamento de Transportaci\u00f3n y Obras P\u00fablicas (DTOP), a traves de sus portavoces, los licenciados Miriam Stefan y Juan Maldonado expresaron que esa agencia no favorece por ahora los cambios al sistema de multas de AutoExpreso y que los mismos trastocar\u00e1n los ingresos del gobierno.<\/p>\n<p>&#8216;El Sistema de AutoExpreso es operado con el &#8216;software&#8217; actual y no es posible realizar este tipo de cambios sugeridos. No estamos en posici\u00f3n de favorecer la aprobaci\u00f3n de la medida hasta tanto sea tecnicamente viable realizar los cambios que conlleva su implementaci\u00f3n&#8217;, detallaron los abogados del DTOP en una vista p\u00fablica de la Comisi\u00f3n de Innovaci\u00f3n, Telecomunicaciones, Urbanismo e Infraestructura para atender el Proyecto del Senado 893 de la autor\u00eda de la senadora Zoe Laboy Alvarado.<\/p>\n<p>Anticiparon que esa legislaci\u00f3n afectar\u00eda los ingresos del Gobierno de Puerto Rico y recomendaron se ausculte con la Oficina de Gerencia y Presupuesto (OGP) y la Autoridad de Asesor\u00eda Financiera y Agencia Fiscal (AAFAF).<\/p>\n<p>Asimismo, indicaron que la Autoridad de Carreteras y Transportaci\u00f3n (ACT) ha anunciado diversas medidas encaminadas a atender de manera razonable los reclamos ciudadanos. Destacaron resoluciones de manera expedita, eliminaci\u00f3n de multas a toda persona que haya solicitado una vista administrativa.<\/p>\n<p>&#8216;Hay que analizar con detenimiento todas estas propuestas. Somos conscientes de alto costo que representan las multas de peajes para nuestras familias. Igual hemos sido testigos de multas sumamente excesivas. Esto necesita una atenci\u00f3n inmediata para buscar alternativas que alivien al bolsillo del puertorrique\u00f1o pero, que a su vez, logren el cumplimiento de la leyes&#8217;, dijo el senador Miguel Laureano Correa, presidente de la comisi\u00f3n.<\/p><div class=\"notic-content-middle\" id=\"notic-209126328\"><div class=\"notic-adlabel\">Advertisements<\/div><a data-no-instant=\"1\" href=\"https:\/\/qrco.de\/bgxd5v\" rel=\"noopener\" class=\"a2t-link\" target=\"_blank\" aria-label=\"DisplayAds-970&#215;2503\"><img loading=\"lazy\" decoding=\"async\" src=\"https:\/\/cdn.noticel.com\/2026\/09\/02201056\/DisplayAds-970x2503-1.jpg\" alt=\"\"  srcset=\"https:\/\/cdn.noticel.com\/2026\/09\/02201056\/DisplayAds-970x2503-1.jpg 970w, https:\/\/cdn.noticel.com\/2026\/09\/02201056\/DisplayAds-970x2503-1-300x77.jpg 300w, https:\/\/cdn.noticel.com\/2026\/09\/02201056\/DisplayAds-970x2503-1-768x198.jpg 768w, https:\/\/cdn.noticel.com\/2026\/09\/02201056\/DisplayAds-970x2503-1-18x5.jpg 18w\" sizes=\"(max-width: 970px) 100vw, 970px\" width=\"970\" height=\"250\"   \/><\/a><\/div>\n<p>La medida legislativa propone a\u00f1adir un inciso a la Ley de Tr\u00e1nsito de Puerto Rico para establecer que cuando el usuario posea un sello electr\u00f3nico registrado para uso de autopistas y no recargue dentro de las 120 horas establecidas en ley, se aplicar\u00e1 una penalidad \u00fanica correspondiente al doble del costo de cada peaje transgredido sin los fondos correspondientes.<\/p>\n<p>En su exposici\u00f3n de motivos el proyecto expresa que es imperativo revisar la manera en que se expiden y cobran las multas, toda vez que el sistema actual lejos de servir como disuasivo para la violaci\u00f3n de ley, lo que provee es para la acumulaci\u00f3n desmedida de dineros que, a su vez, el Estado se le har\u00e1 imposible recuperar. Dicha situaci\u00f3n constituye un obst\u00e1culo insuperable para la agilizaci\u00f3n de procesos y transacciones privadas y gubernamentales relacionadas con la compraventa de veh\u00edculos y la expedici\u00f3n adecuada de certificaciones y licencias.<\/p>\n<p>En la vista p\u00fablica depusieron algunos de los periodistas del programa Jugando Pelota Dura TV y se hicieron portavoces de m\u00e1s de siete mil comentarios y querellas de la ciudadan\u00eda en torno al tema de las multas en los peajes.<\/p>\n<p>En su alocuci\u00f3n Ferdinan Perez y Yolanda Velez Arcelay pidieron a la Comisi\u00f3n de Infraestructura que consideraran &#8216;cambiar el enfoque y legislar a favor del pueblo y no a favor de la Autoridad de Carreteras. Promovemos que se elimine el concepto de multas por uno de penalidad&#8217;.<\/p>\n<p>Destacaron adem\u00e1s, que en los primeros cuatro meses del a\u00f1o se han emitido aproximadamente 1.6 millones de d\u00f3lares en multas de peajes en la isla. Un equivalente a 13 mil multas diarias, lo que representa m\u00e1s de 80 millones de d\u00f3lares en multas para el bolsillo de los puertorrique\u00f1os, seg\u00fan la ponencia entregada a la Comisi\u00f3n.<\/p>\n<p>Los senadores Zoe Laboy y An\u00edbal Jose Torres participaron del proceso de vistas p\u00fablica<\/p>","protected":false},"excerpt":{"rendered":"<p>Pese a los problemas del sistema. El Departamento de Transportaci\u00f3n y Obras P\u00fablicas (DTOP), a traves de sus portavoces, los licenciados Miriam Stefan y Juan Maldonado expresaron que esa agencia no favorece por ahora los cambios al sistema de multas de AutoExpreso y que los mismos trastocar\u00e1n los ingresos del gobierno. &#8216;El Sistema de AutoExpreso [&hellip;]<\/p>","protected":false},"author":0,"featured_media":470878,"comment_status":"closed","ping_status":"closed","sticky":false,"template":"","format":"standard","meta":{"_acf_changed":false,"_monsterinsights_skip_tracking":false,"ep_exclude_from_search":false,"footnotes":""},"categories":[12,5,2],"tags":[],"class_list":["post-17198","post","type-post","status-publish","format-standard","has-post-thumbnail","hentry","category-la-calle","category-legislatura","category-ultima-hora"],"acf":[],"aioseo_notices":[],"_links":{"self":[{"href":"https:\/\/noticel.com\/en\/wp-json\/wp\/v2\/posts\/17198","targetHints":{"allow":["GET"]}}],"collection":[{"href":"https:\/\/noticel.com\/en\/wp-json\/wp\/v2\/posts"}],"about":[{"href":"https:\/\/noticel.com\/en\/wp-json\/wp\/v2\/types\/post"}],"replies":[{"embeddable":true,"href":"https:\/\/noticel.com\/en\/wp-json\/wp\/v2\/comments?post=17198"}],"version-history":[{"count":1,"href":"https:\/\/noticel.com\/en\/wp-json\/wp\/v2\/posts\/17198\/revisions"}],"predecessor-version":[{"id":470879,"href":"https:\/\/noticel.com\/en\/wp-json\/wp\/v2\/posts\/17198\/revisions\/470879"}],"wp:featuredmedia":[{"embeddable":true,"href":"https:\/\/noticel.com\/en\/wp-json\/wp\/v2\/media\/470878"}],"wp:attachment":[{"href":"https:\/\/noticel.com\/en\/wp-json\/wp\/v2\/media?parent=17198"}],"wp:term":[{"taxonomy":"category","embeddable":true,"href":"https:\/\/noticel.com\/en\/wp-json\/wp\/v2\/categories?post=17198"},{"taxonomy":"post_tag","embeddable":true,"href":"https:\/\/noticel.com\/en\/wp-json\/wp\/v2\/tags?post=17198"}],"curies":[{"name":"wp","href":"https:\/\/api.w.org\/{rel}","templated":true}]}}