{"id":171368,"date":"2021-12-08T14:40:56","date_gmt":"2021-12-08T18:40:56","guid":{"rendered":"https:\/\/www.noticel.com\/musica\/pop\/20211208\/invierten-10-millones-en-dos-conciertos-de-bad-bunny-en-el-hiram-bithorn\/"},"modified":"2025-07-15T08:03:08","modified_gmt":"2025-07-15T08:03:08","slug":"invierten-10-millones-en-dos-conciertos-de-bad-bunny-en-el-hiram-bithorn","status":"publish","type":"post","link":"https:\/\/noticel.com\/en\/mas\/otros\/20211208\/invierten-10-millones-en-dos-conciertos-de-bad-bunny-en-el-hiram-bithorn\/","title":{"rendered":"Invierten $10 millones en dos conciertos de Bad Bunny en el Hiram Bithorn"},"content":{"rendered":"<h3>Los espect\u00e1culos ser\u00e1n este fin de semana.<\/h3>\n<p>Unos 10 millones de d\u00f3lares es el costo de producci\u00f3n de las dos grandes presentaciones que ofrecer\u00e1 Bad Bunny este fin de semana en San Juan y que dar\u00e1n inicio a su pr\u00f3xima gira, seg\u00fan informaron este mi\u00e9rcoles sus representantes.<\/p>\n<p>\u00abEste evento se me ha ido por encima de 10 millones de d\u00f3lares\u00bb, afirm\u00f3 el agente del artista Noah Assad, tambi\u00e9n puertorrique\u00f1o, en rueda de prensa sobre un espect\u00e1culo que se presenta como excepcional.<\/p>\n<p>A cada uno de los conciertos del viernes y el s\u00e1bado, bajo el t\u00edtulo \u00abP FKN R\u00bb, se espera que asistan 35.000 personas, llenando en toda su capacidad el estadio Hiram Bithorn.<\/p>\n<p>\u00abEsto lo hacemos con mucho amor y cari\u00f1o para Puerto Rico. No es por beneficio econ\u00f3mico, sino un &#8216;giveback&#8217; (recompensa) por lo que han hecho por nosotros\u00bb, agreg\u00f3 Assad, presidente del sello disquero Rimas.<\/p>\n<p>El tambi\u00e9n empresario se atrevi\u00f3 a decir que ambos espect\u00e1culos ser\u00e1n \u00ablo m\u00e1s grande\u00bb que muchos de los espectadores ver\u00e1n en sus vidas.<\/p>\n<p>\u00abHa sido una cosa espectacular y colaborativa entre todo el mundo&#8230; trabajando este sue\u00f1o, esta meta al mundo. El plan es que Puerto Rico se lo disfrute al m\u00e1ximo\u00bb, abund\u00f3.<\/p>\n<p>Ser\u00e1n los primeros espect\u00e1culos de Bad Bunny desde que comenz\u00f3 la pandemia de la covid-19.<\/p><div class=\"notic-content-middle\" id=\"notic-3644639427\"><div class=\"notic-adlabel\">Advertisements<\/div><a data-no-instant=\"1\" href=\"https:\/\/www.asegurate-bien.com\/\" rel=\"noopener\" class=\"a2t-link\" target=\"_blank\" aria-label=\"Acodese-Adaptaciones-Noticel-970&#215;90\"><img loading=\"lazy\" decoding=\"async\" src=\"https:\/\/cdn.noticel.com\/2026\/07\/30100146\/Acodese-Adaptaciones-Noticel-970x90-1.jpg\" alt=\"\"  srcset=\"https:\/\/cdn.noticel.com\/2026\/07\/30100146\/Acodese-Adaptaciones-Noticel-970x90-1.jpg 970w, https:\/\/cdn.noticel.com\/2026\/07\/30100146\/Acodese-Adaptaciones-Noticel-970x90-1-300x28.jpg 300w, https:\/\/cdn.noticel.com\/2026\/07\/30100146\/Acodese-Adaptaciones-Noticel-970x90-1-768x71.jpg 768w, https:\/\/cdn.noticel.com\/2026\/07\/30100146\/Acodese-Adaptaciones-Noticel-970x90-1-18x2.jpg 18w\" sizes=\"(max-width: 970px) 100vw, 970px\" width=\"970\" height=\"90\"   \/><\/a><\/div>\n<p>Igualmente, ser\u00e1n sus primeros conciertos en la isla desde marzo de 2019, cuando arranc\u00f3 su gira mundial, \u00abX100pre Tour\u00bb en el Coliseo de Puerto Rico, tambi\u00e9n en San Juan.<\/p>\n<p>Incluso, ser\u00e1 en esta sala de espect\u00e1culos donde transmitir\u00e1n, solamente el viernes, de manera simult\u00e1nea el concierto celebrado en el estadio Hiram Bithorn.<\/p>\n<p>Aleda\u00f1o al estadio se ubica el coliseo Roberto Clemente, donde se expondr\u00e1 el \u00abMuseo P FKN R\u00bb, del cual ni Assad ni el tambi\u00e9n productor de eventos Alejandro Pab\u00f3n quisieron dar detalles.<\/p>\n<p>\u00abLo del coliseo ser\u00e1 un evento especial, \u00fanico\u00bb, se limit\u00f3 a decir Pab\u00f3n, quien tampoco quiso adelantar los nombres de los artistas invitados a los conciertos.<\/p>\n<p>Para ambas presentaciones, todos los asistentes tendr\u00e1n que ser mayores de 12 a\u00f1os y se les requerir\u00e1 el uso de mascarilla y estar vacunados contra la covid-19.<\/p>\n<p>\u00abEsto es una fiesta, en un d\u00eda muy bonito, y un regalo para Puerto Rico. Son tiempos complicados y distintos, por eso les pedimos su cooperaci\u00f3n. Estamos preparados para que todo se lleve de una manera correcta\u00bb, afirm\u00f3 Pab\u00f3n.<\/p>","protected":false},"excerpt":{"rendered":"<p>Los espect\u00e1culos ser\u00e1n este fin de semana. Unos 10 millones de d\u00f3lares es el costo de producci\u00f3n de las dos grandes presentaciones que ofrecer\u00e1 Bad Bunny este fin de semana en San Juan y que dar\u00e1n inicio a su pr\u00f3xima gira, seg\u00fan informaron este mi\u00e9rcoles sus representantes. \u00abEste evento se me ha ido por encima [&hellip;]<\/p>","protected":false},"author":0,"featured_media":317567,"comment_status":"closed","ping_status":"closed","sticky":false,"template":"","format":"standard","meta":{"_acf_changed":false,"_monsterinsights_skip_tracking":false,"ep_exclude_from_search":false,"footnotes":""},"categories":[83],"tags":[],"class_list":["post-171368","post","type-post","status-publish","format-standard","has-post-thumbnail","hentry","category-otros"],"acf":[],"aioseo_notices":[],"_links":{"self":[{"href":"https:\/\/noticel.com\/en\/wp-json\/wp\/v2\/posts\/171368","targetHints":{"allow":["GET"]}}],"collection":[{"href":"https:\/\/noticel.com\/en\/wp-json\/wp\/v2\/posts"}],"about":[{"href":"https:\/\/noticel.com\/en\/wp-json\/wp\/v2\/types\/post"}],"replies":[{"embeddable":true,"href":"https:\/\/noticel.com\/en\/wp-json\/wp\/v2\/comments?post=171368"}],"version-history":[{"count":1,"href":"https:\/\/noticel.com\/en\/wp-json\/wp\/v2\/posts\/171368\/revisions"}],"predecessor-version":[{"id":317569,"href":"https:\/\/noticel.com\/en\/wp-json\/wp\/v2\/posts\/171368\/revisions\/317569"}],"wp:featuredmedia":[{"embeddable":true,"href":"https:\/\/noticel.com\/en\/wp-json\/wp\/v2\/media\/317567"}],"wp:attachment":[{"href":"https:\/\/noticel.com\/en\/wp-json\/wp\/v2\/media?parent=171368"}],"wp:term":[{"taxonomy":"category","embeddable":true,"href":"https:\/\/noticel.com\/en\/wp-json\/wp\/v2\/categories?post=171368"},{"taxonomy":"post_tag","embeddable":true,"href":"https:\/\/noticel.com\/en\/wp-json\/wp\/v2\/tags?post=171368"}],"curies":[{"name":"wp","href":"https:\/\/api.w.org\/{rel}","templated":true}]}}