{"id":171104,"date":"2021-12-01T16:15:00","date_gmt":"2021-12-01T20:15:00","guid":{"rendered":"https:\/\/www.noticel.com\/ahora\/legislatura\/20211201\/presidente-del-senado-sin-aparecer-ante-anuncio-de-sesion-extraordinaria\/"},"modified":"2025-07-15T08:41:56","modified_gmt":"2025-07-15T08:41:56","slug":"presidente-del-senado-sin-aparecer-ante-anuncio-de-sesion-extraordinaria","status":"publish","type":"post","link":"https:\/\/noticel.com\/en\/ultima-hora\/20211201\/presidente-del-senado-sin-aparecer-ante-anuncio-de-sesion-extraordinaria\/","title":{"rendered":"Presidente del Senado sin aparecer ante anuncio de Sesi\u00f3n Extraordinaria"},"content":{"rendered":"<p><i>El gobernador, Pedro Pierluisi Urrutia, anunci\u00f3 hoy que la Sesi\u00f3n Extraordinaria ser\u00e1 el lunes 6 de diciembre.<\/i><\/p>\n<p>Tras la convocatoria del gobernador, Pedro R. Pierluisi Urrutia, a una Sesi\u00f3n Extraordinaria y cuestionamientos por las medidas incluidas, el presidente del Senado, Jos\u00e9 Luis Dalmau Santiago, sigue sin aparecer.<\/p>\n<p>Este medio digital intent\u00f3 conseguir al Presidente del Senado en su oficina y mediante su oficial de prensa, para atender este tema, pero no hubo respuesta alguna. Incluso, se notific\u00f3 que el presidente no estaba en su oficina hoy.<\/p>\n<p>Dalmau Santiago fue quien dio un pie forzado para la Sesi\u00f3n Extraordinaria, ya que el \u00faltimo d\u00eda de la Sesi\u00f3n Ordinaria indic\u00f3 que buscar\u00eda atender las enmiendas a la Reforma Laboral en una extraordinaria.<\/p>\n<p>Sin embargo, el Proyecto de la C\u00e1mara 3, que enmienda la Reforma Laboral, no est\u00e1 dentro del calendario que configur\u00f3 el Primer Ejecutivo para esta Sesi\u00f3n Extraordinaria que se convoca por disposici\u00f3n constitucional.<\/p>\n<p>El informe de conferencia del PC 3 se dej\u00f3 en suspenso por el Senado, pero al filo de la noche del \u00faltimo d\u00eda de la Sesi\u00f3n Ordinaria, fue aprobada por la C\u00e1mara de Representantes.<\/p><div class=\"notic-content-middle\" id=\"notic-544356685\"><div class=\"notic-adlabel\">Advertisements<\/div><a data-no-instant=\"1\" href=\"https:\/\/qrco.de\/bgxd5v\" rel=\"noopener\" class=\"a2t-link\" target=\"_blank\" aria-label=\"DisplayAd-728&#215;902\"><img loading=\"lazy\" decoding=\"async\" src=\"https:\/\/cdn.noticel.com\/2026\/08\/11174407\/DisplayAd-728x902-1.jpg\" alt=\"\"  srcset=\"https:\/\/cdn.noticel.com\/2026\/08\/11174407\/DisplayAd-728x902-1.jpg 728w, https:\/\/cdn.noticel.com\/2026\/08\/11174407\/DisplayAd-728x902-1-300x37.jpg 300w, https:\/\/cdn.noticel.com\/2026\/08\/11174407\/DisplayAd-728x902-1-18x2.jpg 18w\" sizes=\"(max-width: 728px) 100vw, 728px\" width=\"728\" height=\"90\"   \/><\/a><\/div>\n<p>Por su parte, el presidente de la C\u00e1mara, Rafael \u00abTatito\u00bb Hern\u00e1ndez exhort\u00f3 a que se modifique la convocatoria extraordinaria para que se incluya en calendario las enmiendas a la Reforma Laboral.<\/p>\n<p>\u201cEn la C\u00e1mara atendimos diligentemente la Reforma Laboral y la Comisi\u00f3n de Asuntos Laborales, presidida por el compa\u00f1ero Domingo Torres Garc\u00eda, realiz\u00f3 una excelente labor que incluy\u00f3 la alta participaci\u00f3n de diversos sectores y los gremios que representan a los trabajadores del pa\u00eds. No quisi\u00e9ramos pensar que el Gobernador contin\u00faa posponiendo una verdadera justicia para la clase trabajadora\u201d, dijo el presidente cameral en comunicado de prensa.<\/p>\n<p>En la Sesi\u00f3n Extraordinaria se atender\u00e1n seis proyectos, entre los que se incluyen el <em id=\"emphasis-c370e7545656820df5834ac3535f782e\">Family First Act <\/em> y un proyecto legislativo que clarifica los requisitos para ocupar el cargo de Comisionado del Negociado de Manejo de Emergencias y Administraci\u00f3n de Desastres (NMEAD), para que de esta manera Nino Correa pueda estar en la posici\u00f3n en propiedad y no en interinato.<\/p>\n<p><strong id=\"strong-c1644809a1086c50a0910aa8a4e3df21\">Lea tambi\u00e9n:<\/strong><\/p>\n<p><a href=\"https:\/\/noticel.com\/en\/gobierno\/ahora\/legislatura\/top-stories\/20211201\/pierluisi-convoca-a-sesion-extraordinaria\/\" id=\"link-6b73847b98acea886af3f48ca99006c4\">Pierluisi convoca a sesi\u00f3n extraordinaria<\/a><\/p>\n<p><a href=\"https:\/\/noticel.com\/en\/legislatura\/ahora\/20211201\/hernandez-dice-que-las-medidas-de-la-extraordinaria-pueden-atenderse-mejor-en-enero\/\" id=\"link-1e7a0ad3aed47f3f5d5d36d166f2fca2\">Hern\u00e1ndez dice que las medidas de la extraordinaria pueden atenderse mejor en enero<\/a><\/p>","protected":false},"excerpt":{"rendered":"<p>El gobernador, Pedro Pierluisi Urrutia, anunci\u00f3 hoy que la Sesi\u00f3n Extraordinaria ser\u00e1 el lunes 6 de diciembre. Tras la convocatoria del gobernador, Pedro R. Pierluisi Urrutia, a una Sesi\u00f3n Extraordinaria y cuestionamientos por las medidas incluidas, el presidente del Senado, Jos\u00e9 Luis Dalmau Santiago, sigue sin aparecer. Este medio digital intent\u00f3 conseguir al Presidente del [&hellip;]<\/p>","protected":false},"author":0,"featured_media":320182,"comment_status":"closed","ping_status":"closed","sticky":false,"template":"","format":"standard","meta":{"_acf_changed":false,"_monsterinsights_skip_tracking":false,"ep_exclude_from_search":false,"footnotes":""},"categories":[5,2],"tags":[],"class_list":["post-171104","post","type-post","status-publish","format-standard","has-post-thumbnail","hentry","category-legislatura","category-ultima-hora"],"acf":[],"aioseo_notices":[],"_links":{"self":[{"href":"https:\/\/noticel.com\/en\/wp-json\/wp\/v2\/posts\/171104","targetHints":{"allow":["GET"]}}],"collection":[{"href":"https:\/\/noticel.com\/en\/wp-json\/wp\/v2\/posts"}],"about":[{"href":"https:\/\/noticel.com\/en\/wp-json\/wp\/v2\/types\/post"}],"replies":[{"embeddable":true,"href":"https:\/\/noticel.com\/en\/wp-json\/wp\/v2\/comments?post=171104"}],"version-history":[{"count":1,"href":"https:\/\/noticel.com\/en\/wp-json\/wp\/v2\/posts\/171104\/revisions"}],"predecessor-version":[{"id":320184,"href":"https:\/\/noticel.com\/en\/wp-json\/wp\/v2\/posts\/171104\/revisions\/320184"}],"wp:featuredmedia":[{"embeddable":true,"href":"https:\/\/noticel.com\/en\/wp-json\/wp\/v2\/media\/320182"}],"wp:attachment":[{"href":"https:\/\/noticel.com\/en\/wp-json\/wp\/v2\/media?parent=171104"}],"wp:term":[{"taxonomy":"category","embeddable":true,"href":"https:\/\/noticel.com\/en\/wp-json\/wp\/v2\/categories?post=171104"},{"taxonomy":"post_tag","embeddable":true,"href":"https:\/\/noticel.com\/en\/wp-json\/wp\/v2\/tags?post=171104"}],"curies":[{"name":"wp","href":"https:\/\/api.w.org\/{rel}","templated":true}]}}