{"id":171087,"date":"2021-12-01T08:50:00","date_gmt":"2021-12-01T12:50:00","guid":{"rendered":"https:\/\/www.noticel.com\/la-calle\/policiacas\/20211201\/mujer-intento-apropiarse-de-abanicos-y-lamparas-en-home-depot\/"},"modified":"2025-07-15T08:43:56","modified_gmt":"2025-07-15T08:43:56","slug":"mujer-intento-apropiarse-de-abanicos-y-lamparas-en-home-depot","status":"publish","type":"post","link":"https:\/\/noticel.com\/en\/noticias\/la-calle\/20211201\/mujer-intento-apropiarse-de-abanicos-y-lamparas-en-home-depot\/","title":{"rendered":"Mujer intent\u00f3 apropiarse de abanicos y l\u00e1mparas en Home Depot"},"content":{"rendered":"<h3>Le radicaron cargos.<\/h3>\n<p>El Negociado de la Polic\u00eda de Puerto Rico inform\u00f3 un caso de apropiaci\u00f3n ilegal ocurrido en la tienda Home Depot que ubica en el centro comercial Plaza del Sol en Bayam\u00f3n.<\/p>\n<p>Seg\u00fan indica el informe preliminar de los hechos, en horas de la ma\u00f1ana del martes una mujer identificada como Kathya Santiago Nieves, de 33 a\u00f1os, entr\u00f3 al establecimiento e intent\u00f3 salir apropi\u00e1ndose ilegalmente de dos abanicos, herramientas, equipo de limpieza y dos l\u00e1mparas.<\/p>\n<p>Tras ser detenida, le fueron radicados cargos criminales por apropiaciones ilegal frente a la jueza Catherine Brunelle.<\/p><div class=\"notic-content-middle\" id=\"notic-2870712582\"><div class=\"notic-adlabel\">Advertisements<\/div><a data-no-instant=\"1\" href=\"https:\/\/qrco.de\/bgxd5v\" rel=\"noopener\" class=\"a2t-link\" target=\"_blank\" aria-label=\"image002\"><img loading=\"lazy\" decoding=\"async\" src=\"https:\/\/cdn.noticel.com\/2026\/09\/04152516\/image002.jpg\" alt=\"\"  srcset=\"https:\/\/cdn.noticel.com\/2026\/09\/04152516\/image002.jpg 288w, https:\/\/cdn.noticel.com\/2026\/09\/04152516\/image002-14x12.jpg 14w\" sizes=\"(max-width: 288px) 100vw, 288px\" width=\"288\" height=\"240\"   \/><\/a><\/div>\n<p>La togada, luego de escuchar la prueba determin\u00f3 causa se\u00f1alando fianza de $1,300. Santiago Nieves prest\u00f3 la fianza y qued\u00f3 en libertad hasta la vista preliminar, pautada para el 13 de diciembre del 2021 en el Tribunal de Primera Instancia de Bayam\u00f3n.<\/p>\n<p>La agente Wildanil Robles investig\u00f3 el caso.<\/p>","protected":false},"excerpt":{"rendered":"<p>Le radicaron cargos. El Negociado de la Polic\u00eda de Puerto Rico inform\u00f3 un caso de apropiaci\u00f3n ilegal ocurrido en la tienda Home Depot que ubica en el centro comercial Plaza del Sol en Bayam\u00f3n. Seg\u00fan indica el informe preliminar de los hechos, en horas de la ma\u00f1ana del martes una mujer identificada como Kathya Santiago [&hellip;]<\/p>","protected":false},"author":0,"featured_media":320323,"comment_status":"closed","ping_status":"closed","sticky":false,"template":"","format":"standard","meta":{"_acf_changed":false,"_monsterinsights_skip_tracking":false,"ep_exclude_from_search":false,"footnotes":""},"categories":[12,15],"tags":[],"class_list":["post-171087","post","type-post","status-publish","format-standard","has-post-thumbnail","hentry","category-la-calle","category-policiacas"],"acf":[],"aioseo_notices":[],"_links":{"self":[{"href":"https:\/\/noticel.com\/en\/wp-json\/wp\/v2\/posts\/171087","targetHints":{"allow":["GET"]}}],"collection":[{"href":"https:\/\/noticel.com\/en\/wp-json\/wp\/v2\/posts"}],"about":[{"href":"https:\/\/noticel.com\/en\/wp-json\/wp\/v2\/types\/post"}],"replies":[{"embeddable":true,"href":"https:\/\/noticel.com\/en\/wp-json\/wp\/v2\/comments?post=171087"}],"version-history":[{"count":1,"href":"https:\/\/noticel.com\/en\/wp-json\/wp\/v2\/posts\/171087\/revisions"}],"predecessor-version":[{"id":320325,"href":"https:\/\/noticel.com\/en\/wp-json\/wp\/v2\/posts\/171087\/revisions\/320325"}],"wp:featuredmedia":[{"embeddable":true,"href":"https:\/\/noticel.com\/en\/wp-json\/wp\/v2\/media\/320323"}],"wp:attachment":[{"href":"https:\/\/noticel.com\/en\/wp-json\/wp\/v2\/media?parent=171087"}],"wp:term":[{"taxonomy":"category","embeddable":true,"href":"https:\/\/noticel.com\/en\/wp-json\/wp\/v2\/categories?post=171087"},{"taxonomy":"post_tag","embeddable":true,"href":"https:\/\/noticel.com\/en\/wp-json\/wp\/v2\/tags?post=171087"}],"curies":[{"name":"wp","href":"https:\/\/api.w.org\/{rel}","templated":true}]}}