{"id":169739,"date":"2021-10-28T16:22:00","date_gmt":"2021-10-28T20:22:00","guid":{"rendered":"https:\/\/www.noticel.com\/ahora\/top-stories\/20211028\/madre-de-arellys-nunca-perdi-mi-fe\/"},"modified":"2025-07-15T11:28:42","modified_gmt":"2025-07-15T11:28:42","slug":"madre-de-arellys-nunca-perdi-mi-fe","status":"publish","type":"post","link":"https:\/\/noticel.com\/en\/ultima-hora\/20211028\/madre-de-arellys-nunca-perdi-mi-fe\/","title":{"rendered":"Madre de Arellys: \u201cNunca perd\u00ed mi fe\u201d"},"content":{"rendered":"<h3>A su salida del Tribunal tras el fallo de culpabilidad contra Jensen Medina, do\u00f1a Nitza R\u00edos se confundi\u00f3 en un abrazo con el fiscal Yamil Juarbe del que dijo \u00abes como un hijo m\u00edo\u00bb.<\/h3>\n<p>Luego de m\u00e1s de dos a\u00f1os de angustia, Nitza R\u00edos tuvo hoy un momento de alivio dentro de su dolor, con el fallo de culpabilidad en todos los cargos contra Jensen Medina Cardona, por el asesinato de Arellys Mercado R\u00edos. Y dijo que fue la fe en Dios la que le dio la fortaleza durante este proceso tras la muerte de su hija.<\/p>\n<p>\u00abYo le tengo que decir a todo el mundo, que lo primero es reconocer que Dios est\u00e1 por encima de todo. Poner todas las cosas en las manos de Dios. Yo puedo decir con toda seguridad que nunca perd\u00ed mi fe. Siempre esta situaci\u00f3n yo la puse en manos de Dios y Dios no me ha fallado, porque \u00e9l nunca le falla a sus hijos\u00bb, expres\u00f3 R\u00edos a los medios a su salida del Tribunal de Fajardo.<\/p>\n<p><strong id=\"strong-ba90f78a2de813e5272f0951b65e2086\">Le puede interesar:<\/strong> <a href=\"https:\/\/noticel.com\/en\/tribunales\/ahora\/top-stories\/20211028\/jensen-medina-culpable\/\" id=\"link-d1920dc46def2561f08424961bf18c81\">Tras ser declarado culpable, Jensen Medina fue directo a la c\u00e1rcel<\/a><\/p>\n<p>\u00abSe hizo justicia. No me alegro del mal ajeno, no me puedo alegrar de eso, pero considero que las personas que cometan este tipo de asunto tienen que pagar por eso. Me siento satisfecha del trabajo realizado por el Tribunal, tanto su personal, especialmente los fiscales, que siempre trabajaron duro para que se lograra este final\u00bb, agreg\u00f3 R\u00edos, la que agradeci\u00f3 la presencia en el Tribunal del secretario de Justicia, Domingo Emanuelli Hern\u00e1ndez.<\/p>\n<p>\u00abEs una sorpresa muy grande y una satisfacci\u00f3n. Me salud\u00f3, me dio las gracias y las condolencias\u00bb, dijo sobre su intercambio con el funcionario.<\/p>\n<p>Medina Cardona fue declarado culpable hoy de los cargos de asesinato en primer grado y violaci\u00f3n a la Ley de Armas por la muerte de Mercado R\u00edos.<\/p>\n<p>La jueza Gema Gonz\u00e1lez Rodr\u00edguez orden\u00f3 su ingreso de inmediato en la c\u00e1rcel hasta la lectura de sentencia, que fue fijada para el 11 de enero del 2022.<\/p>\n<p><strong id=\"strong-60021541f2719e768ca3cecdd4ff1106\">Emotivo abrazo<\/strong><\/p><div class=\"notic-content-middle\" id=\"notic-4020491009\"><div class=\"notic-adlabel\">Advertisements<\/div><a data-no-instant=\"1\" href=\"https:\/\/qrco.de\/bgxd5v\" rel=\"noopener\" class=\"a2t-link\" target=\"_blank\" aria-label=\"300X600-SEBUSCA3\"><img loading=\"lazy\" decoding=\"async\" src=\"https:\/\/cdn.noticel.com\/2026\/09\/02194515\/300X600-SEBUSCA3.jpg\" alt=\"\"  srcset=\"https:\/\/cdn.noticel.com\/2026\/09\/02194515\/300X600-SEBUSCA3.jpg 300w, https:\/\/cdn.noticel.com\/2026\/09\/02194515\/300X600-SEBUSCA3-150x300.jpg 150w, https:\/\/cdn.noticel.com\/2026\/09\/02194515\/300X600-SEBUSCA3-6x12.jpg 6w\" sizes=\"(max-width: 300px) 100vw, 300px\" width=\"300\" height=\"600\"   \/><\/a><\/div>\n<p>Mientras R\u00edos hablaba con la prensa, lleg\u00f3 el fiscal Yamil Juarbe y se confundieron en un abrazo.<\/p>\n<p>\u00abEste licenciado, este fiscal, ah\u00ed donde usted lo ve, ha sido tremenda persona para m\u00ed, excelente, como un hijo m\u00edo. Yo los encomio para que sigan haciendo el trabajo como lo est\u00e1n haciendo hasta ahora. Todav\u00eda podemos confiar en el Departamento de Justicia\u00bb, sostuvo R\u00edos.<\/p>\n<p>Juarbe tambi\u00e9n tuvo palabras para la madre de Arellys.<\/p>\n<p>\u201cDo\u00f1a Nitza ha sido para nosotros una columna. Una roca de la que nos hemos agarrado en este proceso. Nos ha ense\u00f1ado el verdadero valor de la fe en Dios y la justicia. Cuando la fatiga del combate nos atac\u00f3, ese era el puerto seguro al que lleg\u00e1bamos y recib\u00edamos una oraci\u00f3n o un salmo. Es una titana\u201d, sostuvo el fiscal.<\/p>\n<p><strong id=\"strong-fdf94de13cd19f48030c2a1ee7bd9642\">Mensaje para su hija <\/strong><\/p>\n<p>El asesinato de Mercado R\u00edos ocurri\u00f3 el 18 de agosto de 2019 en Villa Marina en Fajardo. Desde ese momento, durante las noches, su madre la busca entre las estrellas y le habla. Esta noche le dar\u00e1 un mensaje especial.<\/p>\n<p>\u00abYo salgo afuera y busco las estrellas porque en una de esas estrellas ella est\u00e1. Y  siempre le mando bendiciones y le voy a decir lo que pas\u00f3 hoy\u00bb, comparti\u00f3 R\u00edos, quien dijo ahora espera retomar su vida tras este doloroso y largo proceso.<\/p>\n<p>\u00abNecesito volver a retomar mi vida, estar con mis nietos en Carolina del Norte, visitar mi hija. Dedicarme un poquito m\u00e1s de tiempo a m\u00ed, porque he estado detr\u00e1s de todo esto\u00bb.<\/p>","protected":false},"excerpt":{"rendered":"<p>A su salida del Tribunal tras el fallo de culpabilidad contra Jensen Medina, do\u00f1a Nitza R\u00edos se confundi\u00f3 en un abrazo con el fiscal Yamil Juarbe del que dijo \u00abes como un hijo m\u00edo\u00bb. Luego de m\u00e1s de dos a\u00f1os de angustia, Nitza R\u00edos tuvo hoy un momento de alivio dentro de su dolor, con [&hellip;]<\/p>","protected":false},"author":0,"featured_media":331423,"comment_status":"closed","ping_status":"closed","sticky":false,"template":"","format":"standard","meta":{"_acf_changed":false,"_monsterinsights_skip_tracking":false,"ep_exclude_from_search":false,"footnotes":""},"categories":[2],"tags":[],"class_list":["post-169739","post","type-post","status-publish","format-standard","has-post-thumbnail","hentry","category-ultima-hora"],"acf":[],"aioseo_notices":[],"_links":{"self":[{"href":"https:\/\/noticel.com\/en\/wp-json\/wp\/v2\/posts\/169739","targetHints":{"allow":["GET"]}}],"collection":[{"href":"https:\/\/noticel.com\/en\/wp-json\/wp\/v2\/posts"}],"about":[{"href":"https:\/\/noticel.com\/en\/wp-json\/wp\/v2\/types\/post"}],"replies":[{"embeddable":true,"href":"https:\/\/noticel.com\/en\/wp-json\/wp\/v2\/comments?post=169739"}],"version-history":[{"count":1,"href":"https:\/\/noticel.com\/en\/wp-json\/wp\/v2\/posts\/169739\/revisions"}],"predecessor-version":[{"id":331425,"href":"https:\/\/noticel.com\/en\/wp-json\/wp\/v2\/posts\/169739\/revisions\/331425"}],"wp:featuredmedia":[{"embeddable":true,"href":"https:\/\/noticel.com\/en\/wp-json\/wp\/v2\/media\/331423"}],"wp:attachment":[{"href":"https:\/\/noticel.com\/en\/wp-json\/wp\/v2\/media?parent=169739"}],"wp:term":[{"taxonomy":"category","embeddable":true,"href":"https:\/\/noticel.com\/en\/wp-json\/wp\/v2\/categories?post=169739"},{"taxonomy":"post_tag","embeddable":true,"href":"https:\/\/noticel.com\/en\/wp-json\/wp\/v2\/tags?post=169739"}],"curies":[{"name":"wp","href":"https:\/\/api.w.org\/{rel}","templated":true}]}}