{"id":169693,"date":"2021-10-27T16:26:00","date_gmt":"2021-10-27T20:26:00","guid":{"rendered":"https:\/\/www.noticel.com\/ahora\/la-calle\/top-stories\/tribunales\/20211027\/juicio-jensen-medina-para-manana-jueves-los-informes-finales\/"},"modified":"2025-07-15T11:32:56","modified_gmt":"2025-07-15T11:32:56","slug":"juicio-jensen-medina-para-manana-jueves-los-informes-finales","status":"publish","type":"post","link":"https:\/\/noticel.com\/en\/ultima-hora\/20211027\/juicio-jensen-medina-para-manana-jueves-los-informes-finales\/","title":{"rendered":"Juicio Jensen Medina: Para ma\u00f1ana, jueves, los informes finales"},"content":{"rendered":"<h3>La defensa culmin\u00f3 hoy su presentaci\u00f3n de prueba y el juicio entra en su etapa crucial.<\/h3>\n<p>La defensa de Jensen Medina Cardona, acusado de asesinar a Arellys Mercado R\u00edos la noche del 18 de agosto de 2019 en Villa Marina en Fajardo, culmin\u00f3 hoy mi\u00e9rcoles la presentaci\u00f3n de su prueba, por lo que las partes se preparan para las argumentaciones finales en el juicio.<\/p>\n<p>Con el testimonio de el guardia de seguridad Eric Matta, la defensa dio por terminado el desfile de su testigos.<\/p>\n<p>La jueza Gema Gonz\u00e1lez Rodr\u00edguez cit\u00f3 entonces a las partes para ma\u00f1ana, jueves a las 9:00 a.m. para la presentaci\u00f3n de las argumentaciones finales, tanto de defensa como de fiscal\u00eda, el \u00faltimo paso antes de que se conozca el veredicto.<\/p>\n<p>\u00bbCada parte tendr\u00e1 una hora y media para dar su informe final\u00bb, explic\u00f3 la jueza Gema Gonz\u00e1lez Rodr\u00edguez en sala.<\/p>\n<p>Medina Cardona enfrenta un cargo por asesinato en primer grado contra Arellys Mercado R\u00edos, y dos cargos por violaciones a la Ley de Armas.<\/p>\n<p>El juicio en su fondo tuvo hoy varios momentos cruciales, especialmente cuando los abogados de defensa anunciaron que hab\u00edan podido entrevistar a Josu\u00e9 Figueroa Garc\u00eda, un exnovio de Mercado R\u00edos.<\/p>\n<p><strong id=\"strong-da85b1920e22080a6b59203ea5ad1513\">Vea tambi\u00e9n:<\/strong> <a href=\"https:\/\/noticel.com\/en\/tribunales\/top-stories\/la-calle\/20211027\/jensen-medina-se-caso-con-la-testigo-del-crimen-de-arellys-mercado\/\" id=\"link-96384924228963801f0c31214a8132b2\">Jensen Medina se cas\u00f3 con testigo del crimen de Arellys Mercado<\/a><\/p>\n<p>A media ma\u00f1ana, la defensa inform\u00f3 que Figueroa Garc\u00eda hab\u00eda comparecido voluntariamente al tribunal tras una intensa b\u00fasqueda para contactarlo, pero el licenciado Jorge Gordon Men\u00e9ndez anunci\u00f3 que, tras entrevistarlo, no lo llamar\u00eda al estrado para testificar.<\/p>\n<p>\u201cLa defensa no lo va a utilizar. La determinaci\u00f3n responde a otras circunstancias, pero lo ponemos a disposici\u00f3n del ministerio p\u00fablico\u201d, indic\u00f3 Gordon Men\u00e9ndez cuando le explicaba a la jueza Gema Gonz\u00e1lez Rodr\u00edguez.<\/p>\n<p>Seg\u00fan supo NotiCel, Figueroa Garc\u00eda lleg\u00f3 al tribunal porque se enter\u00f3 por la prensa de que era buscado y busc\u00f3 consejo en un abogado del \u00e1rea de Humacao, pero advirti\u00f3 a los abogados de defensa que no hablar\u00eda nada malo sobre Mercado R\u00edos, por lo cual, de haberlo utilizado, se hubiera podido convertir en testigo hostil.<\/p>\n<p>El fiscal Yamil Juarbe Molina agradeci\u00f3 a la defensa por ponerlo a su disposici\u00f3n, pero inform\u00f3 que no lo usar\u00edan.<\/p>\n<p>Figueroa Garc\u00eda fue novio de la v\u00edctima durante ocho a\u00f1os y supuestamente, cuando el caso estaba a\u00fan caliente en el 2019, relat\u00f3 a los licenciados Gordon varias instancias de altercados con la v\u00edctima. Obligar su testimonio ser\u00eda parte de la estrategia de la defensa para establecer que el disparo se dio mediante provocaci\u00f3n, un dato significativo dado que Medina Cardona enfrenta el cargo de asesinato en primer grado que conlleva una cadena perpetua sin posibilidad de libertad condicional.<\/p>\n<p>Nota relacionada:<a href=\"https:\/\/noticel.com\/en\/tribunales\/ahora\/top-stories\/20211024\/por-que-se-ha-atrasado-tanto-el-juicio-contra-jensen-medina\/\" id=\"link-47aa8344eb59ac1126cf6a1dce1c0a2b\"><strong id=\"strong-9a406e8d9dd57672e6e5a2f542914aca\"> <\/strong> \u00bfPor qu\u00e9 se ha atrasado tanto el juicio contra Jensen Medina?<\/a><\/p><div class=\"notic-content-middle\" id=\"notic-1592522244\"><div class=\"notic-adlabel\">Advertisements<\/div><a data-no-instant=\"1\" href=\"https:\/\/qrco.de\/bgxd5v\" rel=\"noopener\" class=\"a2t-link\" target=\"_blank\" aria-label=\"DisplayAd-728&#215;902\"><img loading=\"lazy\" decoding=\"async\" src=\"https:\/\/cdn.noticel.com\/2026\/09\/02195411\/DisplayAd-728x902-1.jpg\" alt=\"\"  srcset=\"https:\/\/cdn.noticel.com\/2026\/09\/02195411\/DisplayAd-728x902-1.jpg 728w, https:\/\/cdn.noticel.com\/2026\/09\/02195411\/DisplayAd-728x902-1-300x37.jpg 300w, https:\/\/cdn.noticel.com\/2026\/09\/02195411\/DisplayAd-728x902-1-18x2.jpg 18w\" sizes=\"(max-width: 728px) 100vw, 728px\" width=\"728\" height=\"90\"   \/><\/a><\/div>\n<p>Por otro lado, el contrainterrogatorio del perito en reconstrucci\u00f3n de escena, tra\u00eddo por la defensa, Edgar Tirado P\u00e9rez, caus\u00f3 hoy un sinn\u00famero de objeciones, tanto de la fiscal\u00eda como de la defensa, enfocadas en varios detalles del proceso con el que se copiaron los v\u00eddeos obtenidos por las c\u00e1maras de Villa Marina, lugar donde ocurri\u00f3 el asesinato el 18 de agosto de 2019.<\/p>\n<p>El fiscal Juarbe Molina, primero en preguntar hoy, entr\u00f3 en detalles del proceso que sigui\u00f3 Tirado P\u00e9rez en la verificaci\u00f3n de las m\u00e1quinas de video y en lo que hizo el d\u00eda en que se iban a copiar los videos por primera vez.<\/p>\n<p>Juarbe Molina intent\u00f3 establecer que cuando el perito sali\u00f3 del sal\u00f3n donde se iba a copiar el video original dej\u00f3 sin supervisi\u00f3n dichos equipos. Tirado P\u00e9rez aleg\u00f3 que sali\u00f3 del sal\u00f3n por unas dos horas para comprar otro equipo adicional necesario para copiar los videos con mejor calidad.<\/p>\n<p>Las contestaciones del testigo llevaron al fiscal a pedirle a la jueza que orientara al testigo en cuanto a c\u00f3mo debe contestar las preguntas de fiscal\u00eda. Tirado P\u00e9rez quer\u00eda elaborar en algunas contestaciones cuando se le ped\u00eda una respuesta de s\u00ed o no. En esa elaboraci\u00f3n, \u00e9l mismo trajo a colaci\u00f3n un impedimento con uno de sus ojos, algo de lo que Juarbe Molina ech\u00f3 mano de inmediato para cuestionar su proceso de verificaci\u00f3n visual de los v\u00eddeos.<\/p>\n<p><strong id=\"strong-2133f37cdaeeb80a1b0dcb8ae79d55b0\">No se pierda:<\/strong> <a href=\"https:\/\/noticel.com\/en\/tribunales\/ahora\/top-stories\/20211027\/aparece-el-exnovio-de-arellys-que-buscaban-los-abogados-de-jensen-medina\/\" id=\"link-760132333946c9490d1057842559df0c\">Aparece el exnovio de Arellys, pero no lo sientan a testificar<\/a><\/p>\n<p>Por la tarde, la defensa llam\u00f3 al guardia de seguridad Eric Matta, quien estaba de turno en Villa Marina la noche de los hechos.<\/p>\n<p>Orlando Cameron Gordon fue quien condujo el interrogatorio de la defensa e intent\u00f3 que la jueza declarara \u201chostil\u201d al testigo solo porque hab\u00eda testificado anteriormente para el Ministerio P\u00fablico. Solicit\u00f3 hacer preguntas sugestivas porque \u201cevidentemente a base de su testimonio es una persona identificada con el Ministerio P\u00fablico\u201d.<\/p>\n<p>El fiscal Eduardo Beale Targa ripost\u00f3 que el testigo compareci\u00f3 en abril solo para decir la verdad de lo que vivi\u00f3 la noche del 18 de agosto de 2019. \u201cEl testigo no se ha negado a contestar a la defensa. No se puede declarar hostil sin ni siquiera hacer una pregunta pertinente a los hechos\u201d, objet\u00f3 Beale Targa, lo que la jueza aprob\u00f3.<\/p>\n<p>Cameron Gordon pidi\u00f3 que el testigo describiera el interior de la caseta de seguridad la noche de los hechos y que viera unos videos que fueron presentados en sala.<\/p>\n<p>El abogado intent\u00f3 establecer que Matta estaba entretenido con su celular por muchos minutos y no escribi\u00f3 nada en el libro de registro cuando entr\u00f3 una guagua negra de cuatro puertas y luego varios veh\u00edculos de motor, incluyendo una ambulancia y una patrulla de la Polic\u00eda.<\/p>\n<p>De igual forma, la defensa cuestion\u00f3 si el agente Luis Alejandro Vel\u00e1zquez hab\u00eda entrado a la caseta en alg\u00fan momento esa noche y su respuesta fue \u00bbno\u00bb.<\/p>\n<p>Sin embargo, en su testimonio del pasado 22 de septiembre, Alejandro Vel\u00e1zquez dijo que, como parte de su investigaci\u00f3n del asesinato, realiz\u00f3 varias entrevistas, incluyendo al guardia de seguridad quien supuestamente le mostr\u00f3 el libro de registro con la descripci\u00f3n del veh\u00edculo, la tablilla y el nombre de \u00bbJensen\u00bb.<\/p>\n<p>El Ministerio P\u00fablico decidi\u00f3 no contrainterrogar a Matta, para culminar as\u00ed el desfile de prueba.<\/p>","protected":false},"excerpt":{"rendered":"<p>La defensa culmin\u00f3 hoy su presentaci\u00f3n de prueba y el juicio entra en su etapa crucial. La defensa de Jensen Medina Cardona, acusado de asesinar a Arellys Mercado R\u00edos la noche del 18 de agosto de 2019 en Villa Marina en Fajardo, culmin\u00f3 hoy mi\u00e9rcoles la presentaci\u00f3n de su prueba, por lo que las partes [&hellip;]<\/p>","protected":false},"author":0,"featured_media":331772,"comment_status":"closed","ping_status":"closed","sticky":false,"template":"","format":"standard","meta":{"_acf_changed":false,"_monsterinsights_skip_tracking":false,"ep_exclude_from_search":false,"footnotes":""},"categories":[12,13,2],"tags":[],"class_list":["post-169693","post","type-post","status-publish","format-standard","has-post-thumbnail","hentry","category-la-calle","category-tribunales","category-ultima-hora"],"acf":[],"aioseo_notices":[],"_links":{"self":[{"href":"https:\/\/noticel.com\/en\/wp-json\/wp\/v2\/posts\/169693","targetHints":{"allow":["GET"]}}],"collection":[{"href":"https:\/\/noticel.com\/en\/wp-json\/wp\/v2\/posts"}],"about":[{"href":"https:\/\/noticel.com\/en\/wp-json\/wp\/v2\/types\/post"}],"replies":[{"embeddable":true,"href":"https:\/\/noticel.com\/en\/wp-json\/wp\/v2\/comments?post=169693"}],"version-history":[{"count":1,"href":"https:\/\/noticel.com\/en\/wp-json\/wp\/v2\/posts\/169693\/revisions"}],"predecessor-version":[{"id":331780,"href":"https:\/\/noticel.com\/en\/wp-json\/wp\/v2\/posts\/169693\/revisions\/331780"}],"wp:featuredmedia":[{"embeddable":true,"href":"https:\/\/noticel.com\/en\/wp-json\/wp\/v2\/media\/331772"}],"wp:attachment":[{"href":"https:\/\/noticel.com\/en\/wp-json\/wp\/v2\/media?parent=169693"}],"wp:term":[{"taxonomy":"category","embeddable":true,"href":"https:\/\/noticel.com\/en\/wp-json\/wp\/v2\/categories?post=169693"},{"taxonomy":"post_tag","embeddable":true,"href":"https:\/\/noticel.com\/en\/wp-json\/wp\/v2\/tags?post=169693"}],"curies":[{"name":"wp","href":"https:\/\/api.w.org\/{rel}","templated":true}]}}