{"id":16966,"date":"2018-01-15T00:00:00","date_gmt":"2018-01-15T04:00:00","guid":{"rendered":"http:\/\/www.noticel.com\/ahora\/gobierno\/policia\/20180115\/las-sanse-tendran-seguridad-estatal-y-municipal\/"},"modified":"2025-07-16T20:04:07","modified_gmt":"2025-07-16T20:04:07","slug":"las-sanse-tendran-seguridad-estatal-y-municipal","status":"publish","type":"post","link":"https:\/\/noticel.com\/en\/ultima-hora\/20180115\/las-sanse-tendran-seguridad-estatal-y-municipal\/","title":{"rendered":"Las SanSe tendr\u00e1n seguridad estatal y municipal"},"content":{"rendered":"<p><i>Polic\u00eda estatal detalla plan de acci\u00f3n<\/i><\/p>\n<p>La Polic\u00eda de Puerto Rico estar\u00e1 activando su plan de seguridad para las Fiestas de la Calle San Sebasti\u00e1n como apoyo a la Polic\u00eda Municipal de San Juan.<\/p>\n<p>Seg\u00fan detall\u00f3 el comisionado interino, Henry Escalera, la Polic\u00eda estar\u00e1 asist\u00edendo en el manejo y control del tr\u00e1nsito y en vigilancia preventiva para evitar delitos y hacer cumplir la ley durante y despues del evento.<\/p><div class=\"notic-content-middle\" id=\"notic-3712185535\"><div class=\"notic-adlabel\">Advertisements<\/div><a data-no-instant=\"1\" href=\"https:\/\/www.asegurate-bien.com\/\" rel=\"noopener\" class=\"a2t-link\" target=\"_blank\" aria-label=\"Acodese-Adaptaciones-Noticel-970&#215;90\"><img loading=\"lazy\" decoding=\"async\" src=\"https:\/\/cdn.noticel.com\/2026\/07\/30100146\/Acodese-Adaptaciones-Noticel-970x90-1.jpg\" alt=\"\"  srcset=\"https:\/\/cdn.noticel.com\/2026\/07\/30100146\/Acodese-Adaptaciones-Noticel-970x90-1.jpg 970w, https:\/\/cdn.noticel.com\/2026\/07\/30100146\/Acodese-Adaptaciones-Noticel-970x90-1-300x28.jpg 300w, https:\/\/cdn.noticel.com\/2026\/07\/30100146\/Acodese-Adaptaciones-Noticel-970x90-1-768x71.jpg 768w, https:\/\/cdn.noticel.com\/2026\/07\/30100146\/Acodese-Adaptaciones-Noticel-970x90-1-18x2.jpg 18w\" sizes=\"(max-width: 970px) 100vw, 970px\" width=\"970\" height=\"90\"   \/><\/a><\/div>\n<p>De acuerdo a Escalera el plan de trabajo &#8216;comienza el martes, 16 de enero a partir de las 8:00 p.m., en coordinaci\u00f3n con los organizadores del evento, el Municipio de San Juan y la Polic\u00eda Municipal de San Juan, para garantizar a los ciudadanos el disfrute de la actividad en paz y armon\u00eda&#8217;<\/p>\n<p>Este plan de seguridad tambien incluye la actividad paralela celebrada en Cata\u00f1o, &#8216;De Cata\u00f1o pa&#8217; las Fiestas&#8217;.<\/p>\n<p>&#8216;Exhortamos a todos los visitantes a cooperar con las autoridades y a cumplir con la log\u00edstica del evento para beneficio y disfrute de todos&#8217;, expres\u00f3 Escalera.<\/p>","protected":false},"excerpt":{"rendered":"<p>Polic\u00eda estatal detalla plan de acci\u00f3n La Polic\u00eda de Puerto Rico estar\u00e1 activando su plan de seguridad para las Fiestas de la Calle San Sebasti\u00e1n como apoyo a la Polic\u00eda Municipal de San Juan. Seg\u00fan detall\u00f3 el comisionado interino, Henry Escalera, la Polic\u00eda estar\u00e1 asist\u00edendo en el manejo y control del tr\u00e1nsito y en vigilancia [&hellip;]<\/p>","protected":false},"author":0,"featured_media":472036,"comment_status":"closed","ping_status":"closed","sticky":false,"template":"","format":"standard","meta":{"_acf_changed":false,"_monsterinsights_skip_tracking":false,"ep_exclude_from_search":false,"footnotes":""},"categories":[4,2],"tags":[],"class_list":["post-16966","post","type-post","status-publish","format-standard","has-post-thumbnail","hentry","category-gobierno","category-ultima-hora"],"acf":[],"aioseo_notices":[],"_links":{"self":[{"href":"https:\/\/noticel.com\/en\/wp-json\/wp\/v2\/posts\/16966","targetHints":{"allow":["GET"]}}],"collection":[{"href":"https:\/\/noticel.com\/en\/wp-json\/wp\/v2\/posts"}],"about":[{"href":"https:\/\/noticel.com\/en\/wp-json\/wp\/v2\/types\/post"}],"replies":[{"embeddable":true,"href":"https:\/\/noticel.com\/en\/wp-json\/wp\/v2\/comments?post=16966"}],"version-history":[{"count":1,"href":"https:\/\/noticel.com\/en\/wp-json\/wp\/v2\/posts\/16966\/revisions"}],"predecessor-version":[{"id":472038,"href":"https:\/\/noticel.com\/en\/wp-json\/wp\/v2\/posts\/16966\/revisions\/472038"}],"wp:featuredmedia":[{"embeddable":true,"href":"https:\/\/noticel.com\/en\/wp-json\/wp\/v2\/media\/472036"}],"wp:attachment":[{"href":"https:\/\/noticel.com\/en\/wp-json\/wp\/v2\/media?parent=16966"}],"wp:term":[{"taxonomy":"category","embeddable":true,"href":"https:\/\/noticel.com\/en\/wp-json\/wp\/v2\/categories?post=16966"},{"taxonomy":"post_tag","embeddable":true,"href":"https:\/\/noticel.com\/en\/wp-json\/wp\/v2\/tags?post=16966"}],"curies":[{"name":"wp","href":"https:\/\/api.w.org\/{rel}","templated":true}]}}