{"id":169576,"date":"2021-10-25T06:19:00","date_gmt":"2021-10-25T10:19:00","guid":{"rendered":"https:\/\/www.noticel.com\/ahora\/gobierno\/20211025\/gobernador-insiste-en-ceder-posturas-para-lograr-el-plan-de-ajuste-de-la-deuda\/"},"modified":"2025-07-15T11:43:19","modified_gmt":"2025-07-15T11:43:19","slug":"gobernador-insiste-en-ceder-posturas-para-lograr-el-plan-de-ajuste-de-la-deuda","status":"publish","type":"post","link":"https:\/\/noticel.com\/en\/ultima-hora\/20211025\/gobernador-insiste-en-ceder-posturas-para-lograr-el-plan-de-ajuste-de-la-deuda\/","title":{"rendered":"Gobernador insiste en ceder posturas para lograr el Plan de Ajuste de la Deuda"},"content":{"rendered":"<h3>Envi\u00f3 una moci\u00f3n informativa en la sala de la jueza Laura Taylor Swain.<\/h3>\n<p>El gobernador Pedro Rafael Pierluisi Urrutia insisti\u00f3 el lunes en la necesidad de que todos los involucrados en viabilizar el Plan de Ajuste de la Deuda cedan en sus posturas.<\/p>\n<p>\u201cEs importante resaltar que el proceso legislativo no ha terminado y que el honorable tribunal y la Junta deben conceder el tiempo adicional que la Asamblea Legislativa necesita para aprobar el proyecto de ley que viabiliza la emisi\u00f3n de los nuevos bonos reestructurados, pues seguimos trabajando con la confianza de que podemos lograrlo. Es necesario dejar atr\u00e1s las posiciones inamovibles, ya que nuestro pueblo merece que lleguemos a un consenso que permita de una vez y por todas lograr el fin de la quiebra del Gobierno de Puerto Rico\u201d, dijo el gobernador en declaraciones escritas.<\/p>\n<p>Pierluisi Urrutia y la Autoridad de Asesor\u00eda Financiera y Agencia Fiscal (AAFAF) sometieron su moci\u00f3n informativa ante el Tribunal Federal en la sala de la jueza Laura Taylor Swain en la que reiteran el compromiso de esta administraci\u00f3n con la responsabilidad fiscal y la reestructuraci\u00f3n de la deuda p\u00fablica de una manera justa y sostenible.<\/p>\n<p>\u201cHe sido firme en que es esencial proteger a los pensionados porque ya han sufrido recortes y cualquier reducci\u00f3n adicional es innecesaria, tanto por razones fiscales como de equidad.  Aplaudo el que finalmente la Junta de Supervisi\u00f3n accedi\u00f3 a eliminar la reducci\u00f3n del beneficio mensual, lo que nos ha acercado significativamente a lograr para el pueblo de Puerto Rico un acuerdo de ajuste de deuda que se pueda confirmar\u201d, sostuvo el gobernador.<\/p>\n<p>En el escrito, el gobierno insisti\u00f3 en que apoya los t\u00e9rminos econ\u00f3micos del Plan de Ajuste de Deuda (PAD), el cual \u201ccontempla concesiones significativas por parte de los bonistas y una reducci\u00f3n de la deuda del Gobierno por 80 por ciento, eliminando m\u00e1s de 25 mil millones  de d\u00f3lares en deuda\u201d.  Tambi\u00e9n resalta \u201cque la oportunidad de lograr esta hist\u00f3rica reestructuraci\u00f3n de la deuda no se puede dejar pasar\u201d, mientras se reserva sus derechos de objetar el PAD si la legislaci\u00f3n necesaria no es aprobada y los pensionados no est\u00e1n protegidos adecuadamente.<\/p><div class=\"notic-content-middle\" id=\"notic-1781791137\"><div class=\"notic-adlabel\">Advertisements<\/div><a data-no-instant=\"1\" href=\"https:\/\/qrco.de\/bgxd5v\" rel=\"noopener\" class=\"a2t-link\" target=\"_blank\" aria-label=\"DisplayAds-300&#215;250\"><img loading=\"lazy\" decoding=\"async\" src=\"https:\/\/cdn.noticel.com\/2026\/08\/11175704\/DisplayAds-300x250-1.jpg\" alt=\"\"  srcset=\"https:\/\/cdn.noticel.com\/2026\/08\/11175704\/DisplayAds-300x250-1.jpg 300w, https:\/\/cdn.noticel.com\/2026\/08\/11175704\/DisplayAds-300x250-1-14x12.jpg 14w\" sizes=\"(max-width: 300px) 100vw, 300px\" width=\"300\" height=\"250\"   \/><\/a><\/div>\n<p>La moci\u00f3n lee: \u201cEl gobernador cree firmemente en que es momento de finalizar el caso de T\u00edtulo III del Gobierno de Puerto Rico sin atrasos adicionales. Sin embargo, entretanto, el proceso legislativo debe ser respetado y todas las partes deben abstenerse de fijar posiciones arbitrarias y trabajar unidos para abrir el camino a la legislaci\u00f3n que autorice la emisi\u00f3n de los nuevos GOs (bonos de obligaciones generales) y CVIs (instrumentos de valor contingente), mientras se permite que el proceso de confirmaci\u00f3n siga adelante\u201d.<\/p>\n<p>En el escrito, el gobierno hace un recuento sobre el proceso que ha tomado la legislaci\u00f3n, el cual se visto paralizado desde la semana pasada por falta de votos en el Senado de Puerto Rico.  Asimismo, detalla que los legisladores y el gobierno acordaron incluir ciertas enmiendas al proyecto que lograr\u00e1n que el mismo sea aprobado en ambos cuerpos legislativos de forma bipartita.<\/p>\n<p>Los portavoces de la Junta Fiscal insistieron en que el Proyecto de la C\u00e1mara 1003 tiene que ser aprobado por el Senado sin enmiendas.<\/p>\n<p>La jueza Taylor Swain cit\u00f3 para hoy a una conferencia telef\u00f3nica al gobernador, los l\u00edderes legislativos y representantes de la Junta para discutir los pasos a seguir en el proceso de aprobaci\u00f3n del Plan de Ajuste de la Deuda.<\/p>","protected":false},"excerpt":{"rendered":"<p>Envi\u00f3 una moci\u00f3n informativa en la sala de la jueza Laura Taylor Swain. El gobernador Pedro Rafael Pierluisi Urrutia insisti\u00f3 el lunes en la necesidad de que todos los involucrados en viabilizar el Plan de Ajuste de la Deuda cedan en sus posturas. \u201cEs importante resaltar que el proceso legislativo no ha terminado y que [&hellip;]<\/p>","protected":false},"author":0,"featured_media":332603,"comment_status":"closed","ping_status":"closed","sticky":false,"template":"","format":"standard","meta":{"_acf_changed":false,"_monsterinsights_skip_tracking":false,"ep_exclude_from_search":false,"footnotes":""},"categories":[4,2],"tags":[],"class_list":["post-169576","post","type-post","status-publish","format-standard","has-post-thumbnail","hentry","category-gobierno","category-ultima-hora"],"acf":[],"aioseo_notices":[],"_links":{"self":[{"href":"https:\/\/noticel.com\/en\/wp-json\/wp\/v2\/posts\/169576","targetHints":{"allow":["GET"]}}],"collection":[{"href":"https:\/\/noticel.com\/en\/wp-json\/wp\/v2\/posts"}],"about":[{"href":"https:\/\/noticel.com\/en\/wp-json\/wp\/v2\/types\/post"}],"replies":[{"embeddable":true,"href":"https:\/\/noticel.com\/en\/wp-json\/wp\/v2\/comments?post=169576"}],"version-history":[{"count":1,"href":"https:\/\/noticel.com\/en\/wp-json\/wp\/v2\/posts\/169576\/revisions"}],"predecessor-version":[{"id":332607,"href":"https:\/\/noticel.com\/en\/wp-json\/wp\/v2\/posts\/169576\/revisions\/332607"}],"wp:featuredmedia":[{"embeddable":true,"href":"https:\/\/noticel.com\/en\/wp-json\/wp\/v2\/media\/332603"}],"wp:attachment":[{"href":"https:\/\/noticel.com\/en\/wp-json\/wp\/v2\/media?parent=169576"}],"wp:term":[{"taxonomy":"category","embeddable":true,"href":"https:\/\/noticel.com\/en\/wp-json\/wp\/v2\/categories?post=169576"},{"taxonomy":"post_tag","embeddable":true,"href":"https:\/\/noticel.com\/en\/wp-json\/wp\/v2\/tags?post=169576"}],"curies":[{"name":"wp","href":"https:\/\/api.w.org\/{rel}","templated":true}]}}