{"id":169460,"date":"2021-10-21T17:00:00","date_gmt":"2021-10-21T21:00:00","guid":{"rendered":"https:\/\/www.noticel.com\/la-calle\/policiacas\/20211021\/ocupan-gran-cantidad-de-droga-y-armas-largas-en-una-residencia\/"},"modified":"2025-07-15T11:53:52","modified_gmt":"2025-07-15T11:53:52","slug":"ocupan-gran-cantidad-de-droga-y-armas-largas-en-una-residencia","status":"publish","type":"post","link":"https:\/\/noticel.com\/en\/noticias\/la-calle\/20211021\/ocupan-gran-cantidad-de-droga-y-armas-largas-en-una-residencia\/","title":{"rendered":"Ocupan gran cantidad de droga y armas largas en una residencia"},"content":{"rendered":"<h3>El hallazgo fue en la urbanizaci\u00f3n Alturas de Vega Baja.<\/h3>\n<p>La Polic\u00eda inform\u00f3 el jueves, sobre el resultado de un operativo de registro y allanamiento en una residencia en la urbanizaci\u00f3n Alturas de Vega Baja, donde se ocup\u00f3 gran cantidad de armas de fuego y sustancias controladas.<\/p>\n<p>La orden fue emitida por el juez Manuel M\u00e9ndez Cruz del Tribunal de Bayam\u00f3n.<\/p><div class=\"notic-content-middle\" id=\"notic-2708161388\"><div class=\"notic-adlabel\">Advertisements<\/div><a data-no-instant=\"1\" href=\"https:\/\/qrco.de\/bgxd5v\" rel=\"noopener\" class=\"a2t-link\" target=\"_blank\" aria-label=\"DisplayAd-728&#215;902\"><img loading=\"lazy\" decoding=\"async\" src=\"https:\/\/cdn.noticel.com\/2026\/08\/11174407\/DisplayAd-728x902-1.jpg\" alt=\"\"  srcset=\"https:\/\/cdn.noticel.com\/2026\/08\/11174407\/DisplayAd-728x902-1.jpg 728w, https:\/\/cdn.noticel.com\/2026\/08\/11174407\/DisplayAd-728x902-1-300x37.jpg 300w, https:\/\/cdn.noticel.com\/2026\/08\/11174407\/DisplayAd-728x902-1-18x2.jpg 18w\" sizes=\"(max-width: 728px) 100vw, 728px\" width=\"728\" height=\"90\"   \/><\/a><\/div>\n<p>Detall\u00f3 la Uniformada que la evidencia ocupada fue la siguiente: 3 rifles tipo (AR-15); 3 cargadores tipo tambor; 5 cargadores; 527 municiones de diferentes calibres ; 7 kilos de coca\u00edna; 83 bolsas de coca\u00edna; 6,186 c\u00e1psulas de crack; 572 bolsas de marihuana; 2 bolsas de hero\u00edna y parafernalia.<\/p>\n<p>Los agentes investigadores del Negociado de la Polic\u00eda de Puerto Rico (NPPR), Luis Mu\u00f1os Rosado y Fermain Ortega De Jes\u00fas, consultaron el caso con la agencia federal HSI e ICE que asumi\u00f3 jurisdicci\u00f3n del caso para la correspondiente a radicaci\u00f3n de cargos.<\/p>","protected":false},"excerpt":{"rendered":"<p>El hallazgo fue en la urbanizaci\u00f3n Alturas de Vega Baja. La Polic\u00eda inform\u00f3 el jueves, sobre el resultado de un operativo de registro y allanamiento en una residencia en la urbanizaci\u00f3n Alturas de Vega Baja, donde se ocup\u00f3 gran cantidad de armas de fuego y sustancias controladas. La orden fue emitida por el juez Manuel [&hellip;]<\/p>","protected":false},"author":0,"featured_media":333536,"comment_status":"closed","ping_status":"closed","sticky":false,"template":"","format":"standard","meta":{"_acf_changed":false,"_monsterinsights_skip_tracking":false,"ep_exclude_from_search":false,"footnotes":""},"categories":[12,15],"tags":[],"class_list":["post-169460","post","type-post","status-publish","format-standard","has-post-thumbnail","hentry","category-la-calle","category-policiacas"],"acf":[],"aioseo_notices":[],"_links":{"self":[{"href":"https:\/\/noticel.com\/en\/wp-json\/wp\/v2\/posts\/169460","targetHints":{"allow":["GET"]}}],"collection":[{"href":"https:\/\/noticel.com\/en\/wp-json\/wp\/v2\/posts"}],"about":[{"href":"https:\/\/noticel.com\/en\/wp-json\/wp\/v2\/types\/post"}],"replies":[{"embeddable":true,"href":"https:\/\/noticel.com\/en\/wp-json\/wp\/v2\/comments?post=169460"}],"version-history":[{"count":1,"href":"https:\/\/noticel.com\/en\/wp-json\/wp\/v2\/posts\/169460\/revisions"}],"predecessor-version":[{"id":333537,"href":"https:\/\/noticel.com\/en\/wp-json\/wp\/v2\/posts\/169460\/revisions\/333537"}],"wp:featuredmedia":[{"embeddable":true,"href":"https:\/\/noticel.com\/en\/wp-json\/wp\/v2\/media\/333536"}],"wp:attachment":[{"href":"https:\/\/noticel.com\/en\/wp-json\/wp\/v2\/media?parent=169460"}],"wp:term":[{"taxonomy":"category","embeddable":true,"href":"https:\/\/noticel.com\/en\/wp-json\/wp\/v2\/categories?post=169460"},{"taxonomy":"post_tag","embeddable":true,"href":"https:\/\/noticel.com\/en\/wp-json\/wp\/v2\/tags?post=169460"}],"curies":[{"name":"wp","href":"https:\/\/api.w.org\/{rel}","templated":true}]}}