{"id":168352,"date":"2021-09-26T11:04:00","date_gmt":"2021-09-26T15:04:00","guid":{"rendered":"https:\/\/www.noticel.com\/ahora\/20210926\/en-vivo-habla-wayne-stensby-presidente-de-luma-energy\/"},"modified":"2025-07-15T13:42:22","modified_gmt":"2025-07-15T13:42:22","slug":"en-vivo-habla-wayne-stensby-presidente-de-luma-energy","status":"publish","type":"post","link":"https:\/\/noticel.com\/en\/ultima-hora\/20210926\/en-vivo-habla-wayne-stensby-presidente-de-luma-energy\/","title":{"rendered":"En vivo: Habla Wayne Stensby, presidente de LUMA Energy"},"content":{"rendered":"<h3>Vea la transmisi\u00f3n aqu\u00ed<\/h3>\n<p>Wayne Stensby, presidente y CEO de LUMA, hablar\u00e1 sobre el sistema de distribuci\u00f3n y transmisi\u00f3n de energ\u00eda de Puerto Rico.<\/p>\n<p>La conferencia de prensa se celebra luego que la empresa solicit\u00f3 al Negociado de Energ\u00eda una aumento de 2.5 centavos por kilovatio-hora para el trimestre de octubre a diciembre y en medio de reclamos de distintos sectores por el pobre servicio del sistema el\u00e9ctrico.<\/p><div class=\"notic-content-middle\" id=\"notic-2106661753\"><div class=\"notic-adlabel\">Advertisements<\/div><a data-no-instant=\"1\" href=\"https:\/\/qrco.de\/bgxd5v\" rel=\"noopener\" class=\"a2t-link\" target=\"_blank\" aria-label=\"DisplayAd-970&#215;902\"><img loading=\"lazy\" decoding=\"async\" src=\"https:\/\/cdn.noticel.com\/2026\/09\/02200210\/DisplayAd-970x902-1.jpg\" alt=\"\"  srcset=\"https:\/\/cdn.noticel.com\/2026\/09\/02200210\/DisplayAd-970x902-1.jpg 970w, https:\/\/cdn.noticel.com\/2026\/09\/02200210\/DisplayAd-970x902-1-300x28.jpg 300w, https:\/\/cdn.noticel.com\/2026\/09\/02200210\/DisplayAd-970x902-1-768x71.jpg 768w, https:\/\/cdn.noticel.com\/2026\/09\/02200210\/DisplayAd-970x902-1-18x2.jpg 18w\" sizes=\"(max-width: 970px) 100vw, 970px\" width=\"970\" height=\"90\"   \/><\/a><\/div>\n<p>Vea la transmisi\u00f3n en vivo aqu\u00ed.<\/p>\n<p><iframe loading=\"lazy\" src=\"https:\/\/www.facebook.com\/plugins\/video.php?height=314&#038;href=https%3A%2F%2Fwww.facebook.com%2Fnoticelpr%2Fvideos%2F393272512366193%2F&#038;show_text=false&#038;width=560&#038;t=0\" width=\"560\" height=\"314\" style=\"border:none;overflow:hidden\" scrolling=\"no\" frameborder=\"0\" allowfullscreen=\"true\" allow=\"autoplay; clipboard-write; encrypted-media; picture-in-picture; web-share\"><\/iframe><\/p>","protected":false},"excerpt":{"rendered":"<p>Vea la transmisi\u00f3n aqu\u00ed Wayne Stensby, presidente y CEO de LUMA, hablar\u00e1 sobre el sistema de distribuci\u00f3n y transmisi\u00f3n de energ\u00eda de Puerto Rico. La conferencia de prensa se celebra luego que la empresa solicit\u00f3 al Negociado de Energ\u00eda una aumento de 2.5 centavos por kilovatio-hora para el trimestre de octubre a diciembre y en [&hellip;]<\/p>","protected":false},"author":0,"featured_media":342315,"comment_status":"closed","ping_status":"closed","sticky":false,"template":"","format":"standard","meta":{"_acf_changed":false,"_monsterinsights_skip_tracking":false,"ep_exclude_from_search":false,"footnotes":""},"categories":[2],"tags":[],"class_list":["post-168352","post","type-post","status-publish","format-standard","has-post-thumbnail","hentry","category-ultima-hora"],"acf":[],"aioseo_notices":[],"_links":{"self":[{"href":"https:\/\/noticel.com\/en\/wp-json\/wp\/v2\/posts\/168352","targetHints":{"allow":["GET"]}}],"collection":[{"href":"https:\/\/noticel.com\/en\/wp-json\/wp\/v2\/posts"}],"about":[{"href":"https:\/\/noticel.com\/en\/wp-json\/wp\/v2\/types\/post"}],"replies":[{"embeddable":true,"href":"https:\/\/noticel.com\/en\/wp-json\/wp\/v2\/comments?post=168352"}],"version-history":[{"count":1,"href":"https:\/\/noticel.com\/en\/wp-json\/wp\/v2\/posts\/168352\/revisions"}],"predecessor-version":[{"id":342317,"href":"https:\/\/noticel.com\/en\/wp-json\/wp\/v2\/posts\/168352\/revisions\/342317"}],"wp:featuredmedia":[{"embeddable":true,"href":"https:\/\/noticel.com\/en\/wp-json\/wp\/v2\/media\/342315"}],"wp:attachment":[{"href":"https:\/\/noticel.com\/en\/wp-json\/wp\/v2\/media?parent=168352"}],"wp:term":[{"taxonomy":"category","embeddable":true,"href":"https:\/\/noticel.com\/en\/wp-json\/wp\/v2\/categories?post=168352"},{"taxonomy":"post_tag","embeddable":true,"href":"https:\/\/noticel.com\/en\/wp-json\/wp\/v2\/tags?post=168352"}],"curies":[{"name":"wp","href":"https:\/\/api.w.org\/{rel}","templated":true}]}}