{"id":16611,"date":"2018-04-27T00:00:00","date_gmt":"2018-04-27T04:00:00","guid":{"rendered":"http:\/\/www.noticel.com\/ahora\/junta-fiscal\/top-stories\/20180427\/junta-sigue-recortandole-el-presupuesto-al-gobierno\/"},"modified":"2025-07-16T20:38:20","modified_gmt":"2025-07-16T20:38:20","slug":"junta-sigue-recortandole-el-presupuesto-al-gobierno","status":"publish","type":"post","link":"https:\/\/noticel.com\/en\/ultima-hora\/20180427\/junta-sigue-recortandole-el-presupuesto-al-gobierno\/","title":{"rendered":"Junta sigue recort\u00e1ndole el presupuesto al gobierno"},"content":{"rendered":"<p><i>Seg\u00fan carta enviada a la Legislatura.<\/i><\/p>\n<p>El Fondo General para el a\u00f1o fiscal 2019 carecer\u00e1 de $458 millones comparado al pasado presupuesto del Estado Libre Asociado de Puerto Rico, seg\u00fan se desprende de una misiva enviada por la Junta de Control Fiscal (JCF) a la Legislatura.<\/p>\n<p>Seg\u00fan detalla el organismo instaurado por la Ley federal PROMESA, el pr\u00f3ximo a\u00f1o el Fondo General tendr\u00e1 un prespuesto consolidado de $8,529 millones, versus el de este a\u00f1o que fue de $8,987. El pr\u00f3ximo presupuesto asume $12 millones en Impuesto sobre Ventas y Uso (IVU) provenientes de la incipiente industria del cannabis medicinal.<\/p>\n<p>De igual modo, incluye $44.3 millones por juegos de azar (incluyendo mejorar la fiscalizaci\u00f3n de las m\u00e1quinas ilegales), $49.5 millones en impuestos a los cigarrillos, otras licencias facilitadas por la <a href=\"https:\/\/noticel.com\/en\/ahora\/firmada-la-reforma-de-permisos\/609157276\/\" target=\"_blank\">Reforma de Permisos<\/a>, y los intereses de los prestamos de la Autoridad de Energ\u00eda Electrica (AEE).<\/p>\n<p>Tambien, se cuentan $3.4 millones en impuestos por las rentas hechas a traves de la aplicaci\u00f3n Airbnb, $98.4 millones atribuibles a la Reforma Contributiva y otros $24.5 millones por mejoras a la fiscalizaci\u00f3n del IVU.<\/p>\n<p>En cuanto a gastos, fija en $257 millones el costo para el erario del programa de creditos contirbutivos a las personas que trabajan (Earned Income Tax Credit), en $19 millones la reducci\u00f3n por la flexibilizaci\u00f3n del impuesto por transacciones entre empresas (B2B) y $79 millones por la reducci\u00f3n del IVU en los alimentos preparados pagados con metodos electr\u00f3nicos.<\/p>\n<p>El presupuesto consolidado toma en cuenta partidas federales, frente al presupuesto general que solo toma en cuenta ingresos y gastos estatales. Por los pasados dos a\u00f1os, los presupuestos generales han sido los m\u00e1s bajos en ocho a\u00f1os. En el rengl\u00f3n consolidado, representa incluso el presupuesto m\u00e1s bajo en por lo menos una decada. Sin embargo, en cuanto a fondos federales se refiere, el pr\u00f3ximo a\u00f1o se calcula una partida de $9,322 millones, un aumento de $2,679 millones en comparaci\u00f3n con el a\u00f1o en curso. El aumento es casi totalmente atribuible a una partida nueva de $2,274 millones que se calcula vengan de la Agencia Federal para el Manejo de Emergencias (FEMA) por concepto de &#8216;reconstrucci\u00f3n&#8217;.<\/p><div class=\"notic-content-middle\" id=\"notic-4205295971\"><div class=\"notic-adlabel\">Advertisements<\/div><img loading=\"lazy\" decoding=\"async\" src=\"https:\/\/cdn.noticel.com\/2026\/09\/02203441\/728x90.jpg\" alt=\"\"  srcset=\"https:\/\/cdn.noticel.com\/2026\/09\/02203441\/728x90.jpg 728w, https:\/\/cdn.noticel.com\/2026\/09\/02203441\/728x90-300x37.jpg 300w, https:\/\/cdn.noticel.com\/2026\/09\/02203441\/728x90-18x2.jpg 18w\" sizes=\"(max-width: 728px) 100vw, 728px\" width=\"728\" height=\"90\"   \/><\/div>\n<p><strong>Lea tambien:<\/strong> <a href=\"https:\/\/noticel.com\/en\/economia\/junta-fiscal-le-organiza-la-agenda-a-la-legislatura\/735000081\/\" target=\"_blank\">Junta Fiscal le organiza la agenda a la Legislatura<\/a><\/p>\n<p>Seg\u00fan el experto internacional en deuda p\u00fablica, Mart\u00edn Guzm\u00e1n, la Junta ha pecado del optimismo del Gobierno de Ricardo Rossell\u00f3 Nevares para con los sobrantes monetarios por los pr\u00f3ximos seis a\u00f1os proyectados en el Plan Fiscal certificado la semana pasada, a la vez que advirti\u00f3 que los fondos federales no deben ser usados en otra cosa que no sea la reconstrucci\u00f3n del pa\u00eds tras el embate del hurac\u00e1n Mar\u00eda.<\/p>\n<p>El Gobernador solicit\u00f3 al Congreso de los Estados Unidos una friolera de $94,000 millones para la reconstrucci\u00f3n de infraestructura y programas de ayuda.<\/p>\n<p>A juicio de Guzm\u00e1n, tambien se sobreestiman las ganancias que puedan generar las <a href=\"https:\/\/noticel.com\/en\/ahora\/junta-fiscal\/las-reformas-que-pide-la-junta-incluyendo-ms-cambios-laborales\/697235709\/\" target=\"_blank\">reformas estructurales<\/a> ya puestas en vigor por la presente administraci\u00f3n.<\/p>\n<p>El director ejecutivo de la Autoridad de Asesor\u00eda Financiera y Agencia Fiscal (<a href=\"https:\/\/noticel.com\/en\/ahora\/gobierno\/gobierno-pide-a-la-junta-extender-fecha-para-presentar-el-presupuesto\/734877334\/\" target=\"_blank\">AAFAF<\/a>), Gerardo Portela Franco, solicit\u00f3 el jueves a la Junta que reajustara el calendario para la certificaci\u00f3n del presupuesto del a\u00f1o fiscal 2018-2019 ya que se extendi\u00f3 la certificaci\u00f3n del Plan Fiscal, que tuvo que ser revisado tras la emergencia provocada por Mar\u00eda en septiembre de 2017. El mismo d\u00eda de la solicitud de la AAFAF, la JCF <a href=\"https:\/\/noticel.com\/en\/economia\/junta-fiscal-le-organiza-la-agenda-a-la-legislatura\/735000081\/\" target=\"_blank\">envi\u00f3<\/a> una carta a los presidentes legislativos estipulando que no m\u00e1s tarde del 29 de junio del corriente el presupuesto debe estar certificado.<\/p>\n<p><a href=\"https:\/\/media.noticel.com\/o2com-noti-media-us-east-1\/document_dev\/2018\/04\/26\/FOMB%20-%20Carta%20sobre%20Ingresos%20an%CC%83o%20fiscal%202019%20-%204.26.18_1524762035538_11246176_ver1.0.pdf\" target=\"_blank\">Para ver los c\u00e1lculos presupuestarios de la Junta, pulse aqu\u00ed.<\/a><\/p>\n<p><img decoding=\"async\" embed-content-articleid=\"735000042\" embed-content-groupid=\"593030471\" embed-content-id=\"735000042\" embed-content-imgalign=\"none\" embed-content-index=\"0\" embed-content-location=\"input_story-body\" embed-content-type=\"FILE\" height=\"240px\" src=\"\/amino-v1-theme\/images\/placeholder\/placeholder-16x9.jpg\" style=\"width:100%;\" width=\"360px\"\/><\/p>","protected":false},"excerpt":{"rendered":"<p>Seg\u00fan carta enviada a la Legislatura. El Fondo General para el a\u00f1o fiscal 2019 carecer\u00e1 de $458 millones comparado al pasado presupuesto del Estado Libre Asociado de Puerto Rico, seg\u00fan se desprende de una misiva enviada por la Junta de Control Fiscal (JCF) a la Legislatura. Seg\u00fan detalla el organismo instaurado por la Ley federal [&hellip;]<\/p>","protected":false},"author":0,"featured_media":473612,"comment_status":"closed","ping_status":"closed","sticky":false,"template":"","format":"standard","meta":{"_acf_changed":false,"_monsterinsights_skip_tracking":false,"ep_exclude_from_search":false,"footnotes":""},"categories":[2],"tags":[],"class_list":["post-16611","post","type-post","status-publish","format-standard","has-post-thumbnail","hentry","category-ultima-hora"],"acf":[],"aioseo_notices":[],"_links":{"self":[{"href":"https:\/\/noticel.com\/en\/wp-json\/wp\/v2\/posts\/16611","targetHints":{"allow":["GET"]}}],"collection":[{"href":"https:\/\/noticel.com\/en\/wp-json\/wp\/v2\/posts"}],"about":[{"href":"https:\/\/noticel.com\/en\/wp-json\/wp\/v2\/types\/post"}],"replies":[{"embeddable":true,"href":"https:\/\/noticel.com\/en\/wp-json\/wp\/v2\/comments?post=16611"}],"version-history":[{"count":1,"href":"https:\/\/noticel.com\/en\/wp-json\/wp\/v2\/posts\/16611\/revisions"}],"predecessor-version":[{"id":473613,"href":"https:\/\/noticel.com\/en\/wp-json\/wp\/v2\/posts\/16611\/revisions\/473613"}],"wp:featuredmedia":[{"embeddable":true,"href":"https:\/\/noticel.com\/en\/wp-json\/wp\/v2\/media\/473612"}],"wp:attachment":[{"href":"https:\/\/noticel.com\/en\/wp-json\/wp\/v2\/media?parent=16611"}],"wp:term":[{"taxonomy":"category","embeddable":true,"href":"https:\/\/noticel.com\/en\/wp-json\/wp\/v2\/categories?post=16611"},{"taxonomy":"post_tag","embeddable":true,"href":"https:\/\/noticel.com\/en\/wp-json\/wp\/v2\/tags?post=16611"}],"curies":[{"name":"wp","href":"https:\/\/api.w.org\/{rel}","templated":true}]}}