{"id":165549,"date":"2021-07-26T05:45:00","date_gmt":"2021-07-26T09:45:00","guid":{"rendered":"https:\/\/www.noticel.com\/?post_type=article&#038;p=165549"},"modified":"2025-07-15T17:52:51","modified_gmt":"2025-07-15T17:52:51","slug":"vuelve-a-aumentar-y-se-triplica-el-precio-de-la-carne","status":"publish","type":"post","link":"https:\/\/noticel.com\/en\/noticias\/la-calle\/20210726\/vuelve-a-aumentar-y-se-triplica-el-precio-de-la-carne\/","title":{"rendered":"Vuelve a aumentar y se triplica el precio de la carne"},"content":{"rendered":"<h3>El secretario del Departamento de Agricultura, Ram\u00f3n Gonz\u00e1lez Beir\u00f3 explic\u00f3 que eso est\u00e1 ocurriendo principalmente con el producto importado.<\/h3>\n<p>La carne, ya sea roja, cerdo o pollo, ha aumentado en precio dr\u00e1sticamente, y el secretario del Departamento de Agricultura, Ram\u00f3n Gonz\u00e1lez Beir\u00f3, indic\u00f3 que es algo que la agencia est\u00e1 investigando.<\/p>\n<p>\u201cLa carne, en algunos casos, est\u00e1 el triple de lo que estaba, sobre todo la carne importada. La carne del pa\u00eds est\u00e1 b\u00e1sicamente al mismo precio para el productor. Estamos mir\u00e1ndolo de cerca para ver c\u00f3mo podemos hacerle justicia a los que producen nuestro ganado y que puedan atemperar el precio de venta a la realidad mundial\u201d, inform\u00f3 Gonz\u00e1lez Beir\u00f3 a NotiCel.<\/p>\n<p>De hecho, el secretario del  Departamento de Asuntos del Consumidor (DACO), Edan Rivera Rodr\u00edguez, confirm\u00f3 en \u2018El Push de la Ma\u00f1ana\u2019, programa matutino de este medio, el pasado 17 de julio que las alitas aumentaron de precio un 107%.<\/p>\n<p><strong id=\"strong-68b26dcb4f57b45195e235139a01ca04\">Le puede interesar<\/strong>: <a href=\"https:\/\/noticel.com\/en\/ahora\/top-stories\/20210715\/daco-confirma-aumento-de-107-en-el-precio-de-alitas\/\" id=\"link-1b8b2383bcf9aa79a0aafe63389b0be2\">DACO confirma aumento de 107% en el precio de alitas<\/a><\/p>\n<p>\u00abNosotros hicimos una investigaci\u00f3n amplia de qu\u00e9 estaba ocurriendo con el mercado de carnes en Puerto Rico y Estados Unidos, y descubrimos que la situaci\u00f3n no es solamente local. Es una situaci\u00f3n a nivel internacional, que se da particularmente porque muchos productores de carne en Estados Unidos tuvieron que cesar operaciones o reducir el nivel de producci\u00f3n que ten\u00edan&#8230; Eso s\u00ed ha tenido unos efectos, no de todo tipo de carnes, sino de algunos art\u00edculos, particularmente las alitas, se ha disparado el precio casi hasta 107%\u00bb, explic\u00f3 Rivera Rodr\u00edguez en entrevista con &#8216;El Push de la Ma\u00f1ana&#8217;.<\/p><div class=\"notic-content-middle\" id=\"notic-2528096391\"><div class=\"notic-adlabel\">Advertisements<\/div><a data-no-instant=\"1\" href=\"https:\/\/qrco.de\/bgxd5v\" rel=\"noopener\" class=\"a2t-link\" target=\"_blank\" aria-label=\"DisplayAd-970&#215;903\"><img loading=\"lazy\" decoding=\"async\" src=\"https:\/\/cdn.noticel.com\/2026\/09\/02200307\/DisplayAd-970x903-1.jpg\" alt=\"\"  srcset=\"https:\/\/cdn.noticel.com\/2026\/09\/02200307\/DisplayAd-970x903-1.jpg 970w, https:\/\/cdn.noticel.com\/2026\/09\/02200307\/DisplayAd-970x903-1-300x28.jpg 300w, https:\/\/cdn.noticel.com\/2026\/09\/02200307\/DisplayAd-970x903-1-768x71.jpg 768w, https:\/\/cdn.noticel.com\/2026\/09\/02200307\/DisplayAd-970x903-1-18x2.jpg 18w\" sizes=\"(max-width: 970px) 100vw, 970px\" width=\"970\" height=\"90\"   \/><\/a><\/div>\n<p>En cuanto al aumento disparado de estos art\u00edculos, el secretario de agricultura se lo adjudic\u00f3 al fen\u00f3meno de aumento del ma\u00edz y la soya.<\/p>\n<p>\u201cEl precio del ma\u00edz, la soya, ha aumentado dram\u00e1ticamente y eso es lo que ha impulsado que todas las carnes, roja, cerdo y pollo hayan subido de precio\u201d, expuso Gonz\u00e1lez Beir\u00f3, agricultor de profesi\u00f3n.<\/p>\n<p><strong id=\"strong-4922053bf8049568d2547b35be2dca22\">Le puede interesar<\/strong>: <a href=\"https:\/\/noticel.com\/en\/economia\/top-stories\/20210601\/daco-cuestiona-el-alza-en-la-leche\/\" id=\"link-3d4e1a2187bfc48aa17a19d9292ed758\">DACO cuestiona el alza en la leche<\/a><\/p>\n<p>Ambos funcionarios coincidieron en que el aumento de precios no es un fen\u00f3meno que solo est\u00e1 ocurriendo en Puerto Rico, sino en el mundo. Sin embargo, se investigar\u00e1 el aumento del precio de las carnes, en espec\u00edfico la importada.<\/p>","protected":false},"excerpt":{"rendered":"<p>El secretario del Departamento de Agricultura, Ram\u00f3n Gonz\u00e1lez Beir\u00f3 explic\u00f3 que eso est\u00e1 ocurriendo principalmente con el producto importado. La carne, ya sea roja, cerdo o pollo, ha aumentado en precio dr\u00e1sticamente, y el secretario del Departamento de Agricultura, Ram\u00f3n Gonz\u00e1lez Beir\u00f3, indic\u00f3 que es algo que la agencia est\u00e1 investigando. \u201cLa carne, en algunos [&hellip;]<\/p>","protected":false},"author":0,"featured_media":362493,"comment_status":"closed","ping_status":"closed","sticky":false,"template":"","format":"standard","meta":{"_acf_changed":false,"_monsterinsights_skip_tracking":false,"ep_exclude_from_search":false,"footnotes":""},"categories":[22,12],"tags":[],"class_list":["post-165549","post","type-post","status-publish","format-standard","has-post-thumbnail","hentry","category-economia","category-la-calle"],"acf":[],"aioseo_notices":[],"_links":{"self":[{"href":"https:\/\/noticel.com\/en\/wp-json\/wp\/v2\/posts\/165549","targetHints":{"allow":["GET"]}}],"collection":[{"href":"https:\/\/noticel.com\/en\/wp-json\/wp\/v2\/posts"}],"about":[{"href":"https:\/\/noticel.com\/en\/wp-json\/wp\/v2\/types\/post"}],"replies":[{"embeddable":true,"href":"https:\/\/noticel.com\/en\/wp-json\/wp\/v2\/comments?post=165549"}],"version-history":[{"count":1,"href":"https:\/\/noticel.com\/en\/wp-json\/wp\/v2\/posts\/165549\/revisions"}],"predecessor-version":[{"id":362496,"href":"https:\/\/noticel.com\/en\/wp-json\/wp\/v2\/posts\/165549\/revisions\/362496"}],"wp:featuredmedia":[{"embeddable":true,"href":"https:\/\/noticel.com\/en\/wp-json\/wp\/v2\/media\/362493"}],"wp:attachment":[{"href":"https:\/\/noticel.com\/en\/wp-json\/wp\/v2\/media?parent=165549"}],"wp:term":[{"taxonomy":"category","embeddable":true,"href":"https:\/\/noticel.com\/en\/wp-json\/wp\/v2\/categories?post=165549"},{"taxonomy":"post_tag","embeddable":true,"href":"https:\/\/noticel.com\/en\/wp-json\/wp\/v2\/tags?post=165549"}],"curies":[{"name":"wp","href":"https:\/\/api.w.org\/{rel}","templated":true}]}}