{"id":165093,"date":"2021-07-15T09:50:00","date_gmt":"2021-07-15T13:50:00","guid":{"rendered":"https:\/\/www.noticel.com\/ahora\/top-stories\/20210715\/daco-confirma-aumento-de-107-en-el-precio-de-alitas\/"},"modified":"2025-07-15T18:38:02","modified_gmt":"2025-07-15T18:38:02","slug":"daco-confirma-aumento-de-107-en-el-precio-de-alitas","status":"publish","type":"post","link":"https:\/\/noticel.com\/en\/ultima-hora\/20210715\/daco-confirma-aumento-de-107-en-el-precio-de-alitas\/","title":{"rendered":"DACO confirma aumento de 107% en el precio de alitas"},"content":{"rendered":"<h3>Alegan, es un problema internacional.<\/h3>\n<p>Aunque en Puerto Rico y muchos otros pa\u00edses las regulaciones por la pandemia de covid-19 se han ido flexibilizando, las consecuencias parecen no acabar. Ese es el caso del alza en precio de carnes, que sigue estrangulando los bolsillos de los puertorrique\u00f1os.<\/p>\n<p>En junio, el Departamento de Asuntos del Consumidor (DACO) confirm\u00f3 en un informe que el aumento en el precio de la carne era de 100% en muchos de los casos. Hoy, jueves, un mes despu\u00e9s, el secretario de la agencia, Edan Rivera Rodr\u00edguez, afirm\u00f3 que la problem\u00e1tica sigue y expuso que al menos en el precio de las alitas, se registr\u00f3 un aumento de 107%.<\/p>\n<p>Seg\u00fan detall\u00f3 el funcionario, el incremento en precios no es exclusivo de Puerto Rico, sino internacional y se debe a que los productores redujeron sus operaciones.<\/p>\n<p><strong id=\"strong-b04bd0ae6f385de8ae98583e90c4a217\">Lee tambi\u00e9n<\/strong>: <a href=\"https:\/\/noticel.com\/en\/economia\/la-calle\/top-stories\/20210621\/daco-confirma-precios-de-la-carne-se-duplicaron-tras-la-pandemia\/\" id=\"link-d863d65161490d31d7644cb38efdaeeb\">DACO confirma precios de la carne se duplicaron tras la pandemia<\/a><\/p>\n<p>\u00abNosotros hicimos una investigaci\u00f3n amplia de qu\u00e9 estaba ocurriendo con el mercado de carnes en Puerto Rico y Estados Unidos, y descubrimos que la situaci\u00f3n no es solamente local. Es una situaci\u00f3n a nivel internacional, que se da particularmente porque muchos de productores de carne en Estados Unidos tuvieron que cesar operaciones o reducir el nivel de producciones que tengan&#8230; eso s\u00ed ha tenido unos efectos, no de todo tipo de carnes, sino de algunos art\u00edculos, particularmente las alitas, se ha disparado el precio casi hasta 107%\u00bb, explic\u00f3 Rivera Rodr\u00edguez en entrevista con &#8216;El Push de la Ma\u00f1ana&#8217; que emite este diario digital.<\/p><div class=\"notic-content-middle\" id=\"notic-764626404\"><div class=\"notic-adlabel\">Advertisements<\/div><a data-no-instant=\"1\" href=\"https:\/\/www.asegurate-bien.com\/\" rel=\"noopener\" class=\"a2t-link\" target=\"_blank\" aria-label=\"Acodese-Adaptaciones-Noticel-970&#215;90\"><img loading=\"lazy\" decoding=\"async\" src=\"https:\/\/cdn.noticel.com\/2026\/07\/30100146\/Acodese-Adaptaciones-Noticel-970x90-1.jpg\" alt=\"\"  srcset=\"https:\/\/cdn.noticel.com\/2026\/07\/30100146\/Acodese-Adaptaciones-Noticel-970x90-1.jpg 970w, https:\/\/cdn.noticel.com\/2026\/07\/30100146\/Acodese-Adaptaciones-Noticel-970x90-1-300x28.jpg 300w, https:\/\/cdn.noticel.com\/2026\/07\/30100146\/Acodese-Adaptaciones-Noticel-970x90-1-768x71.jpg 768w, https:\/\/cdn.noticel.com\/2026\/07\/30100146\/Acodese-Adaptaciones-Noticel-970x90-1-18x2.jpg 18w\" sizes=\"(max-width: 970px) 100vw, 970px\" width=\"970\" height=\"90\"   \/><\/a><\/div>\n<p>El funcionario continu\u00f3 explicando que DACO no puede regular el precio de las carnes, porque la orden de  congelaci\u00f3n que estaba vigente por la pandemia, qued\u00f3 sin efecto una vez el gobernador, Pedro R. Pierluisi Urrutia, dej\u00f3 de emitir las restricciones.<\/p>\n<p>Una visita de NotiCel a un supermercado encontr\u00f3 un paquete de 2.5 libras de alitas, en $11.99.<\/p>\n<p>En el \u201cInforme de Hallazgos sobre la Industria C\u00e1rnica\u201d que se public\u00f3 en junio se agreg\u00f3 que las  pechugas de pollo, el biftec y las chuletas de cerdo de punta y de centro, tambi\u00e9n experimentan un alza en precios. El traslado a precios al consumidor final, \u00aboscila en precios de venta entre un 80% a un 120% superior a los precios previos a la pandemia\u201d, agrega el informe.<\/p>\n<p>Mira la entrevista al Secretario a continuaci\u00f3n:<\/p>\n<p><iframe loading=\"lazy\" src=\"https:\/\/www.facebook.com\/plugins\/video.php?height=314&#038;href=https%3A%2F%2Fwww.facebook.com%2Fnoticelpr%2Fvideos%2F326958405770252%2F&#038;show_text=false&#038;width=560&#038;t=0\" width=\"560\" height=\"314\" style=\"border:none;overflow:hidden\" scrolling=\"no\" frameborder=\"0\" allowfullscreen=\"true\" allow=\"autoplay; clipboard-write; encrypted-media; picture-in-picture; web-share\"><\/iframe><\/p>","protected":false},"excerpt":{"rendered":"<p>Alegan, es un problema internacional. Aunque en Puerto Rico y muchos otros pa\u00edses las regulaciones por la pandemia de covid-19 se han ido flexibilizando, las consecuencias parecen no acabar. Ese es el caso del alza en precio de carnes, que sigue estrangulando los bolsillos de los puertorrique\u00f1os. En junio, el Departamento de Asuntos del Consumidor [&hellip;]<\/p>","protected":false},"author":0,"featured_media":366078,"comment_status":"closed","ping_status":"closed","sticky":false,"template":"","format":"standard","meta":{"_acf_changed":false,"_monsterinsights_skip_tracking":false,"ep_exclude_from_search":false,"footnotes":""},"categories":[2],"tags":[],"class_list":["post-165093","post","type-post","status-publish","format-standard","has-post-thumbnail","hentry","category-ultima-hora"],"acf":[],"aioseo_notices":[],"_links":{"self":[{"href":"https:\/\/noticel.com\/en\/wp-json\/wp\/v2\/posts\/165093","targetHints":{"allow":["GET"]}}],"collection":[{"href":"https:\/\/noticel.com\/en\/wp-json\/wp\/v2\/posts"}],"about":[{"href":"https:\/\/noticel.com\/en\/wp-json\/wp\/v2\/types\/post"}],"replies":[{"embeddable":true,"href":"https:\/\/noticel.com\/en\/wp-json\/wp\/v2\/comments?post=165093"}],"version-history":[{"count":1,"href":"https:\/\/noticel.com\/en\/wp-json\/wp\/v2\/posts\/165093\/revisions"}],"predecessor-version":[{"id":366080,"href":"https:\/\/noticel.com\/en\/wp-json\/wp\/v2\/posts\/165093\/revisions\/366080"}],"wp:featuredmedia":[{"embeddable":true,"href":"https:\/\/noticel.com\/en\/wp-json\/wp\/v2\/media\/366078"}],"wp:attachment":[{"href":"https:\/\/noticel.com\/en\/wp-json\/wp\/v2\/media?parent=165093"}],"wp:term":[{"taxonomy":"category","embeddable":true,"href":"https:\/\/noticel.com\/en\/wp-json\/wp\/v2\/categories?post=165093"},{"taxonomy":"post_tag","embeddable":true,"href":"https:\/\/noticel.com\/en\/wp-json\/wp\/v2\/tags?post=165093"}],"curies":[{"name":"wp","href":"https:\/\/api.w.org\/{rel}","templated":true}]}}