{"id":165040,"date":"2021-07-14T13:48:00","date_gmt":"2021-07-14T17:48:00","guid":{"rendered":"https:\/\/www.noticel.com\/ahora\/20210714\/nueva-campana-masiva-para-promover-adopciones\/"},"modified":"2025-07-15T18:42:28","modified_gmt":"2025-07-15T18:42:28","slug":"nueva-campana-masiva-para-promover-adopciones","status":"publish","type":"post","link":"https:\/\/noticel.com\/en\/ultima-hora\/20210714\/nueva-campana-masiva-para-promover-adopciones\/","title":{"rendered":"Nueva campa\u00f1a masiva para promover adopciones"},"content":{"rendered":"<h3>Al momento, hay alrededor de 400 menores esperando ser adoptados, se inform\u00f3.<\/h3>\n<p>La presidenta de la entidad sin fines de lucro Adopta Ahora, Sylvia Villafa\u00f1e, anunci\u00f3 el mi\u00e9rcoles una campa\u00f1a masiva para promover la adopci\u00f3n de menores de 6 a 17 a\u00f1os en la Isla.<\/p>\n<p>\u201cQueremos contribuir a que j\u00f3venes que est\u00e1n viviendo en hogares sustitutos bajo la custodia del Estado encuentren a una familia que los acoja. Muchas personas piensan que por ser grandes los ni\u00f1os no se adaptar\u00e1n a un nuevo estilo de vida en un nuevo hogar. Y lo que realmente ellos necesitan es un hogar lleno de amor\u201d, dijo Villafa\u00f1e durante la presentaci\u00f3n de la campa\u00f1a.<\/p>\n<p>Al momento, hay alrededor de 400 menores esperando ser adoptados. De esos, dos terceras partes est\u00e1n entre las edades de 6 y 17 a\u00f1os.<\/p>\n<p>Por su parte, la secretaria del Departamento de la Familia, Carmen Ana Gonz\u00e1lez Magaz, expres\u00f3 que \u201cla creaci\u00f3n de nuevas familias es un trabajo en equipo. Esta es una tarea compartida que requiere coordinaci\u00f3n entre todos los componentes para que sea totalmente efectiva. De esas gestiones con resultado efectivo depende el futuro de nuestros menores. Hoy reiteramos nuestro compromiso, para seguir eliminando los obst\u00e1culos en los procesos de adopci\u00f3n, para que cada menor tenga un nuevo comienzo\u201d.<\/p>\n<p>De otra parte, la directora de la Oficina de La Fortaleza, Caridad Pierluisi Urrutia, habl\u00f3 sobre su rol en la creaci\u00f3n de la Ley de Adopci\u00f3n, que elimin\u00f3 gran parte de las barreras burocr\u00e1ticas del proceso.<\/p><div class=\"notic-content-middle\" id=\"notic-1027645101\"><div class=\"notic-adlabel\">Advertisements<\/div><a data-no-instant=\"1\" href=\"https:\/\/qrco.de\/bgxd5v\" rel=\"noopener\" class=\"a2t-link\" target=\"_blank\" aria-label=\"DisplayAds-300&#215;250\"><img loading=\"lazy\" decoding=\"async\" src=\"https:\/\/cdn.noticel.com\/2026\/09\/02200431\/DisplayAds-300x250-1.jpg\" alt=\"\"  srcset=\"https:\/\/cdn.noticel.com\/2026\/09\/02200431\/DisplayAds-300x250-1.jpg 300w, https:\/\/cdn.noticel.com\/2026\/09\/02200431\/DisplayAds-300x250-1-14x12.jpg 14w\" sizes=\"(max-width: 300px) 100vw, 300px\" width=\"300\" height=\"250\"   \/><\/a><\/div>\n<p>\u201cTodos conocemos los retos hist\u00f3ricos que han dificultado ese proceso. En particular para los ni\u00f1os mas grandes y j\u00f3venes que llevan a\u00f1os esperando por una familia que puedan llamar suya y un hogar que le abra sus puertas. Bajo la administraci\u00f3n de Luis Fortu\u00f1o tuve la oportunidad \u00fanica de trabajar con la ley de adopci\u00f3n. Gracias a un trabajo en equipo logramos que las adopciones en Puerto Rico se duplicaran. Un cambio sentido en muchas familias de la isla y una misi\u00f3n que hoy continuamos desde La Fortaleza. El plan del gobernador Pierluisi es mejorar la ley de adopci\u00f3n, especialmente en este proceso hist\u00f3rico en el que vivimos, en el cual la pandemia del COVID afect\u00f3 muchos procesos vitales de adopci\u00f3n\u201d, sostuvo la hermana del gobernador.<\/p>\n<p><iframe loading=\"lazy\" title=\"Nueva campa\u00f1a fomentar\u00e1 la adopci\u00f3n de ni\u00f1os y adolescentes\" width=\"500\" height=\"281\" src=\"https:\/\/www.youtube.com\/embed\/A9isb9juZJA?feature=oembed\" frameborder=\"0\" allow=\"accelerometer; autoplay; clipboard-write; encrypted-media; gyroscope; picture-in-picture; web-share\" referrerpolicy=\"strict-origin-when-cross-origin\" allowfullscreen><\/iframe><\/p>\n<p>Como parte de las enmiendas se encuentra: reforzar las salas especializadas en adopci\u00f3n, alianzas con organizaciones sin fines de lucro y la integraci\u00f3n de trabajadores sociales retirados, para continuar con la asistencia a las familias.<\/p>\n<p>La campa\u00f1a, denominada \u201cAdopta una historia de Amor\u201d, comenzar\u00e1 en este mes de julio y culmina en septiembre. El proyecto fue creado y producido por DDB Latina Puerto Rico e incluye anuncios de televisi\u00f3n, radio, vallas y medios digitales.<\/p>\n<p>Para las personas interesadas en informaci\u00f3n adicional sobre la adopci\u00f3n de ni\u00f1os y j\u00f3venes, pueden acceder a la p\u00e1gina www.adoptahorapr.org. En esta p\u00e1gina tambi\u00e9n encontrar\u00e1n un directorio de las unidades de adopci\u00f3n por regi\u00f3n del Departamento de la Familia con sus n\u00fameros de tel\u00e9fonos.<\/p>","protected":false},"excerpt":{"rendered":"<p>Al momento, hay alrededor de 400 menores esperando ser adoptados, se inform\u00f3. La presidenta de la entidad sin fines de lucro Adopta Ahora, Sylvia Villafa\u00f1e, anunci\u00f3 el mi\u00e9rcoles una campa\u00f1a masiva para promover la adopci\u00f3n de menores de 6 a 17 a\u00f1os en la Isla. \u201cQueremos contribuir a que j\u00f3venes que est\u00e1n viviendo en hogares [&hellip;]<\/p>","protected":false},"author":0,"featured_media":366404,"comment_status":"closed","ping_status":"closed","sticky":false,"template":"","format":"standard","meta":{"_acf_changed":false,"_monsterinsights_skip_tracking":false,"ep_exclude_from_search":false,"footnotes":""},"categories":[2],"tags":[],"class_list":["post-165040","post","type-post","status-publish","format-standard","has-post-thumbnail","hentry","category-ultima-hora"],"acf":[],"aioseo_notices":[],"_links":{"self":[{"href":"https:\/\/noticel.com\/en\/wp-json\/wp\/v2\/posts\/165040","targetHints":{"allow":["GET"]}}],"collection":[{"href":"https:\/\/noticel.com\/en\/wp-json\/wp\/v2\/posts"}],"about":[{"href":"https:\/\/noticel.com\/en\/wp-json\/wp\/v2\/types\/post"}],"replies":[{"embeddable":true,"href":"https:\/\/noticel.com\/en\/wp-json\/wp\/v2\/comments?post=165040"}],"version-history":[{"count":1,"href":"https:\/\/noticel.com\/en\/wp-json\/wp\/v2\/posts\/165040\/revisions"}],"predecessor-version":[{"id":366412,"href":"https:\/\/noticel.com\/en\/wp-json\/wp\/v2\/posts\/165040\/revisions\/366412"}],"wp:featuredmedia":[{"embeddable":true,"href":"https:\/\/noticel.com\/en\/wp-json\/wp\/v2\/media\/366404"}],"wp:attachment":[{"href":"https:\/\/noticel.com\/en\/wp-json\/wp\/v2\/media?parent=165040"}],"wp:term":[{"taxonomy":"category","embeddable":true,"href":"https:\/\/noticel.com\/en\/wp-json\/wp\/v2\/categories?post=165040"},{"taxonomy":"post_tag","embeddable":true,"href":"https:\/\/noticel.com\/en\/wp-json\/wp\/v2\/tags?post=165040"}],"curies":[{"name":"wp","href":"https:\/\/api.w.org\/{rel}","templated":true}]}}