{"id":163930,"date":"2021-06-22T13:48:00","date_gmt":"2021-06-22T17:48:00","guid":{"rendered":"https:\/\/www.noticel.com\/comercio\/economia\/la-calle\/20210622\/plaza-del-caribe-cierra-por-falta-de-luz\/"},"modified":"2025-07-15T20:32:35","modified_gmt":"2025-07-15T20:32:35","slug":"plaza-del-caribe-cierra-por-falta-de-luz","status":"publish","type":"post","link":"https:\/\/noticel.com\/en\/noticias\/la-calle\/20210622\/plaza-del-caribe-cierra-por-falta-de-luz\/","title":{"rendered":"Plaza del Caribe cierra por falta de luz"},"content":{"rendered":"<h3>Reabrir\u00e1n cuando regrese el servicio.<\/h3>\n<p>Mientras personal de LUMA Energy comparece ante el Senado de Puerto Rico sin respuestas concretas sobre la cantidad de celadores que mantienen en su plantilla, la falta de electricidad sigue afectando diversos sectores de la isla. Este es el caso hoy, martes, de Plaza del Caribe en Ponce.<\/p>\n<p>Seg\u00fan comunic\u00f3 el centro comercial en declaraciones escritas, sus instalaciones permanecen cerradas por la falta de energ\u00eda el\u00e9ctrica.<\/p><div class=\"notic-content-middle\" id=\"notic-544592239\"><div class=\"notic-adlabel\">Advertisements<\/div><a data-no-instant=\"1\" href=\"https:\/\/www.asegurate-bien.com\/\" rel=\"noopener\" class=\"a2t-link\" target=\"_blank\" aria-label=\"Acodese-Adaptaciones-Noticel-970&#215;90\"><img loading=\"lazy\" decoding=\"async\" src=\"https:\/\/cdn.noticel.com\/2026\/07\/30100146\/Acodese-Adaptaciones-Noticel-970x90-1.jpg\" alt=\"\"  srcset=\"https:\/\/cdn.noticel.com\/2026\/07\/30100146\/Acodese-Adaptaciones-Noticel-970x90-1.jpg 970w, https:\/\/cdn.noticel.com\/2026\/07\/30100146\/Acodese-Adaptaciones-Noticel-970x90-1-300x28.jpg 300w, https:\/\/cdn.noticel.com\/2026\/07\/30100146\/Acodese-Adaptaciones-Noticel-970x90-1-768x71.jpg 768w, https:\/\/cdn.noticel.com\/2026\/07\/30100146\/Acodese-Adaptaciones-Noticel-970x90-1-18x2.jpg 18w\" sizes=\"(max-width: 970px) 100vw, 970px\" width=\"970\" height=\"90\"   \/><\/a><\/div>\n<p>\u00abTan pronto se restablezca el servicio lo estaremos comunicando por este medio. Lamentamos los inconvenientes\u00bb, escribi\u00f3 la gerencia del establecimiento.<\/p>\n<p>Pendientes para ampliaci\u00f3n.<\/p>","protected":false},"excerpt":{"rendered":"<p>Reabrir\u00e1n cuando regrese el servicio. Mientras personal de LUMA Energy comparece ante el Senado de Puerto Rico sin respuestas concretas sobre la cantidad de celadores que mantienen en su plantilla, la falta de electricidad sigue afectando diversos sectores de la isla. Este es el caso hoy, martes, de Plaza del Caribe en Ponce. Seg\u00fan comunic\u00f3 [&hellip;]<\/p>","protected":false},"author":0,"featured_media":374952,"comment_status":"closed","ping_status":"closed","sticky":false,"template":"","format":"standard","meta":{"_acf_changed":false,"_monsterinsights_skip_tracking":false,"ep_exclude_from_search":false,"footnotes":""},"categories":[23,22,12],"tags":[],"class_list":["post-163930","post","type-post","status-publish","format-standard","has-post-thumbnail","hentry","category-comercio","category-economia","category-la-calle"],"acf":[],"aioseo_notices":[],"_links":{"self":[{"href":"https:\/\/noticel.com\/en\/wp-json\/wp\/v2\/posts\/163930","targetHints":{"allow":["GET"]}}],"collection":[{"href":"https:\/\/noticel.com\/en\/wp-json\/wp\/v2\/posts"}],"about":[{"href":"https:\/\/noticel.com\/en\/wp-json\/wp\/v2\/types\/post"}],"replies":[{"embeddable":true,"href":"https:\/\/noticel.com\/en\/wp-json\/wp\/v2\/comments?post=163930"}],"version-history":[{"count":1,"href":"https:\/\/noticel.com\/en\/wp-json\/wp\/v2\/posts\/163930\/revisions"}],"predecessor-version":[{"id":374957,"href":"https:\/\/noticel.com\/en\/wp-json\/wp\/v2\/posts\/163930\/revisions\/374957"}],"wp:featuredmedia":[{"embeddable":true,"href":"https:\/\/noticel.com\/en\/wp-json\/wp\/v2\/media\/374952"}],"wp:attachment":[{"href":"https:\/\/noticel.com\/en\/wp-json\/wp\/v2\/media?parent=163930"}],"wp:term":[{"taxonomy":"category","embeddable":true,"href":"https:\/\/noticel.com\/en\/wp-json\/wp\/v2\/categories?post=163930"},{"taxonomy":"post_tag","embeddable":true,"href":"https:\/\/noticel.com\/en\/wp-json\/wp\/v2\/tags?post=163930"}],"curies":[{"name":"wp","href":"https:\/\/api.w.org\/{rel}","templated":true}]}}