{"id":163909,"date":"2021-06-22T07:52:00","date_gmt":"2021-06-22T11:52:00","guid":{"rendered":"https:\/\/www.noticel.com\/ahora\/20210622\/en-vivo-empleados-de-rama-judicial-piden-revision-de-salarios\/"},"modified":"2025-07-15T20:34:28","modified_gmt":"2025-07-15T20:34:28","slug":"empleados-de-rama-judicial-piden-revision-de-salarios","status":"publish","type":"post","link":"https:\/\/noticel.com\/en\/ultima-hora\/20210622\/empleados-de-rama-judicial-piden-revision-de-salarios\/","title":{"rendered":"Empleados de Rama Judicial piden revisi\u00f3n de salarios"},"content":{"rendered":"<p>El alguacil Am\u00edlcar Gonz\u00e1lez habla de la necesidad de revisar sus sueldos.<\/p>\n<p>Vea la entrevista aqu\u00ed en \u00abEl Push de la Ma\u00f1ana\u00bb de NotiCel:<\/p>\n<p><iframe loading=\"lazy\" src=\"https:\/\/www.facebook.com\/plugins\/video.php?height=314&#038;href=https%3A%2F%2Fwww.facebook.com%2Fnoticelpr%2Fvideos%2F519613149226281%2F&#038;show_text=false&#038;width=560&#038;t=0\" width=\"560\" height=\"314\" style=\"border:none;overflow:hidden\" scrolling=\"no\" frameborder=\"0\" allowfullscreen=\"true\" allow=\"autoplay; clipboard-write; encrypted-media; picture-in-picture; web-share\"><\/iframe><\/p>","protected":false},"excerpt":{"rendered":"<p>El alguacil Am\u00edlcar Gonz\u00e1lez habla de la necesidad de revisar sus sueldos. Vea la entrevista aqu\u00ed en \u00abEl Push de la Ma\u00f1ana\u00bb de NotiCel:<\/p>","protected":false},"author":10,"featured_media":375091,"comment_status":"closed","ping_status":"closed","sticky":false,"template":"","format":"standard","meta":{"_acf_changed":false,"_monsterinsights_skip_tracking":false,"ep_exclude_from_search":false,"footnotes":""},"categories":[2],"tags":[],"class_list":["post-163909","post","type-post","status-publish","format-standard","has-post-thumbnail","hentry","category-ultima-hora"],"acf":[],"aioseo_notices":[],"_links":{"self":[{"href":"https:\/\/noticel.com\/en\/wp-json\/wp\/v2\/posts\/163909","targetHints":{"allow":["GET"]}}],"collection":[{"href":"https:\/\/noticel.com\/en\/wp-json\/wp\/v2\/posts"}],"about":[{"href":"https:\/\/noticel.com\/en\/wp-json\/wp\/v2\/types\/post"}],"author":[{"embeddable":true,"href":"https:\/\/noticel.com\/en\/wp-json\/wp\/v2\/users\/10"}],"replies":[{"embeddable":true,"href":"https:\/\/noticel.com\/en\/wp-json\/wp\/v2\/comments?post=163909"}],"version-history":[{"count":1,"href":"https:\/\/noticel.com\/en\/wp-json\/wp\/v2\/posts\/163909\/revisions"}],"predecessor-version":[{"id":375097,"href":"https:\/\/noticel.com\/en\/wp-json\/wp\/v2\/posts\/163909\/revisions\/375097"}],"wp:featuredmedia":[{"embeddable":true,"href":"https:\/\/noticel.com\/en\/wp-json\/wp\/v2\/media\/375091"}],"wp:attachment":[{"href":"https:\/\/noticel.com\/en\/wp-json\/wp\/v2\/media?parent=163909"}],"wp:term":[{"taxonomy":"category","embeddable":true,"href":"https:\/\/noticel.com\/en\/wp-json\/wp\/v2\/categories?post=163909"},{"taxonomy":"post_tag","embeddable":true,"href":"https:\/\/noticel.com\/en\/wp-json\/wp\/v2\/tags?post=163909"}],"curies":[{"name":"wp","href":"https:\/\/api.w.org\/{rel}","templated":true}]}}