{"id":163662,"date":"2021-06-16T17:55:00","date_gmt":"2021-06-16T21:55:00","guid":{"rendered":"https:\/\/www.noticel.com\/ahora\/top-stories\/20210616\/departamento-de-seguridad-publica-inaugura-la-academia-de-bomberos\/"},"modified":"2025-07-15T20:57:34","modified_gmt":"2025-07-15T20:57:34","slug":"departamento-de-seguridad-publica-inaugura-la-academia-de-bomberos","status":"publish","type":"post","link":"https:\/\/noticel.com\/en\/ultima-hora\/20210616\/departamento-de-seguridad-publica-inaugura-la-academia-de-bomberos\/","title":{"rendered":"Departamento de Seguridad P\u00fablica inaugura la Academia de Bomberos"},"content":{"rendered":"<h3>Cuenta con 160 cadetes.<\/h3>\n<p>El Departamento de Seguridad P\u00fablica (DSP) inaugur\u00f3 hoy el inicio de la Academia de Bomberos del Negociado del Cuerpo de Bomberos de Puerto Rico con 160 cadetes, quienes comienzan el proceso de adiestramiento que durar\u00e1 nueve semanas.<\/p>\n<p>\u201cEstamos sumamente felices y orgullosos de poder iniciar una nueva academia de bomberos, la cual no se llevaba a cabo desde el 2017. Esto nos ayudar\u00e1 a sumar primeros respondedores dedicados a proteger vidas y propiedades ante incendios. Continuaremos cumpliendo con la pol\u00edtica p\u00fablica del gobernador Pedro Pierluisi de seguir aumentando recursos y herramientas dedicados a brindar seguridad a nuestro pueblo\u201d, sostuvo en un comunicado de prensa, el secretario del DSP, Alexis Torres.<\/p>\n<p>Por su parte, el comisionado interino del Negociado del Cuerpo de Bomberos, Iv\u00e1n Moreno destac\u00f3 que, \u201cme alegra que al fin, luego de muchos a\u00f1os, el Negociado del Cuerpo de Bomberos se nutra de los mejores recursos humanos para fortalecer el Departamento de Seguridad P\u00fablica. En momentos dif\u00edciles, de crisis, Puerto Rico nos apoya, conf\u00eda y hasta nos ve como sus h\u00e9roes. Para que esto siga siendo as\u00ed, nos vamos a asegurar de que estos 160 j\u00f3venes den lo mejor de s\u00ed en este entrenamiento y cumplan con su juramento de servir bien y en todo momento a su gente. Ese es el compromiso de esta administraci\u00f3n\u201d.<\/p>\n<p>Este reclutamiento tiene un costo anual aproximado de $3.7 millones y parte del mismo ser\u00e1 pareado con fondos federales provenientes de la propuesta de Staffing for Adequate Fire and Emergency Response Grants (SAFER).<\/p><div class=\"notic-content-middle\" id=\"notic-3218111153\"><div class=\"notic-adlabel\">Advertisements<\/div><a data-no-instant=\"1\" href=\"https:\/\/qrco.de\/bgxd5v\" rel=\"noopener\" class=\"a2t-link\" target=\"_blank\" aria-label=\"DisplayAds-300&#215;2502\"><img loading=\"lazy\" decoding=\"async\" src=\"https:\/\/cdn.noticel.com\/2026\/09\/02200544\/DisplayAds-300x2502-1.jpg\" alt=\"\"  srcset=\"https:\/\/cdn.noticel.com\/2026\/09\/02200544\/DisplayAds-300x2502-1.jpg 300w, https:\/\/cdn.noticel.com\/2026\/09\/02200544\/DisplayAds-300x2502-1-14x12.jpg 14w\" sizes=\"(max-width: 300px) 100vw, 300px\" width=\"300\" height=\"250\"   \/><\/a><\/div>\n<p>Siguiendo las disposiciones de la Orden Ejecutiva por el Covid-19, la academia se llevar\u00e1 a cabo en cuatro lugares diferentes: dos en Guaynabo; uno en Bayam\u00f3n; y otra en Guayama. La inauguraci\u00f3n se llev\u00f3 a cabo en American University en Bayam\u00f3n, donde se le tom\u00f3 juramento a los cadetes y comenz\u00f3 el proceso administrativo.<\/p>\n<p>\u201cLos bomberos han demostrado su compromiso y pasi\u00f3n por su labor, y sabemos que, una vez concluya la academia en agosto, contaremos con 160 nuevos bomberos comprometidos con el servicio p\u00fablico y con el Negociado del Cuerpo de Bomberos. Esperamos poder continuar con el proceso de reclutamiento y aprendizaje para continuar llevando a cabo m\u00e1s academias y seguir sumando personal al Negociado y al DSP\u201d, agreg\u00f3 Torres.<\/p>\n<p>Algunos de los cursos de la academia son prevenci\u00f3n de incendios, control de incendios, efecto del fuego en construcci\u00f3n de edificios, salud y seguridad, equipo de protecci\u00f3n personal, extintores port\u00e1tiles, b\u00fasqueda y rescate, ventilaci\u00f3n, rescate, entre otras. Igualmente, se ofrecer\u00e1 un adiestramiento de autismo enfocado a primeros respondedores.<\/p>","protected":false},"excerpt":{"rendered":"<p>Cuenta con 160 cadetes. El Departamento de Seguridad P\u00fablica (DSP) inaugur\u00f3 hoy el inicio de la Academia de Bomberos del Negociado del Cuerpo de Bomberos de Puerto Rico con 160 cadetes, quienes comienzan el proceso de adiestramiento que durar\u00e1 nueve semanas. \u201cEstamos sumamente felices y orgullosos de poder iniciar una nueva academia de bomberos, la [&hellip;]<\/p>","protected":false},"author":0,"featured_media":376867,"comment_status":"closed","ping_status":"closed","sticky":false,"template":"","format":"standard","meta":{"_acf_changed":false,"_monsterinsights_skip_tracking":false,"ep_exclude_from_search":false,"footnotes":""},"categories":[2],"tags":[],"class_list":["post-163662","post","type-post","status-publish","format-standard","has-post-thumbnail","hentry","category-ultima-hora"],"acf":[],"aioseo_notices":[],"_links":{"self":[{"href":"https:\/\/noticel.com\/en\/wp-json\/wp\/v2\/posts\/163662","targetHints":{"allow":["GET"]}}],"collection":[{"href":"https:\/\/noticel.com\/en\/wp-json\/wp\/v2\/posts"}],"about":[{"href":"https:\/\/noticel.com\/en\/wp-json\/wp\/v2\/types\/post"}],"replies":[{"embeddable":true,"href":"https:\/\/noticel.com\/en\/wp-json\/wp\/v2\/comments?post=163662"}],"version-history":[{"count":1,"href":"https:\/\/noticel.com\/en\/wp-json\/wp\/v2\/posts\/163662\/revisions"}],"predecessor-version":[{"id":376870,"href":"https:\/\/noticel.com\/en\/wp-json\/wp\/v2\/posts\/163662\/revisions\/376870"}],"wp:featuredmedia":[{"embeddable":true,"href":"https:\/\/noticel.com\/en\/wp-json\/wp\/v2\/media\/376867"}],"wp:attachment":[{"href":"https:\/\/noticel.com\/en\/wp-json\/wp\/v2\/media?parent=163662"}],"wp:term":[{"taxonomy":"category","embeddable":true,"href":"https:\/\/noticel.com\/en\/wp-json\/wp\/v2\/categories?post=163662"},{"taxonomy":"post_tag","embeddable":true,"href":"https:\/\/noticel.com\/en\/wp-json\/wp\/v2\/tags?post=163662"}],"curies":[{"name":"wp","href":"https:\/\/api.w.org\/{rel}","templated":true}]}}