{"id":163266,"date":"2021-06-08T15:53:00","date_gmt":"2021-06-08T19:53:00","guid":{"rendered":"https:\/\/www.noticel.com\/el-tiempo\/20210608\/advertencia-de-inundaciones-para-municipios-del-area-oeste\/"},"modified":"2025-07-15T21:29:50","modified_gmt":"2025-07-15T21:29:50","slug":"advertencia-de-inundaciones-para-municipios-del-area-oeste","status":"publish","type":"post","link":"https:\/\/noticel.com\/en\/el-tiempo\/20210608\/advertencia-de-inundaciones-para-municipios-del-area-oeste\/","title":{"rendered":"Advertencia de inundaciones para municipios del \u00e1rea oeste"},"content":{"rendered":"<h3>Estar\u00e1 vigente hasta las 5:15 p.m.<\/h3>\n<p>El Servicio Nacional de Meteorolog\u00eda (SNM), en San Juan emiti\u00f3 una advertencia de inundaciones para municipios del \u00e1rea oeste.<\/p>\n<p>Seg\u00fan el SNM, los municipios de Las Mar\u00edas, Maricao y Mayag\u00fcez estar\u00e1n bajo advertencia de inundaciones repentinas hasta las 5:15 de la tarde.<\/p>\n<p>A las 2:02 de la tarde, el radar Doppler detect\u00f3 fuertes lluvias debido a tormentas el\u00e9ctricas.<\/p><div class=\"notic-content-middle\" id=\"notic-375913672\"><div class=\"notic-adlabel\">Advertisements<\/div><a data-no-instant=\"1\" href=\"https:\/\/qrco.de\/bgxd5v\" rel=\"noopener\" class=\"a2t-link\" target=\"_blank\" aria-label=\"DisplayAd-970&#215;90\"><img loading=\"lazy\" decoding=\"async\" src=\"https:\/\/cdn.noticel.com\/2026\/09\/02195840\/DisplayAd-970x90-1.jpg\" alt=\"\"  srcset=\"https:\/\/cdn.noticel.com\/2026\/09\/02195840\/DisplayAd-970x90-1.jpg 970w, https:\/\/cdn.noticel.com\/2026\/09\/02195840\/DisplayAd-970x90-1-300x28.jpg 300w, https:\/\/cdn.noticel.com\/2026\/09\/02195840\/DisplayAd-970x90-1-768x71.jpg 768w, https:\/\/cdn.noticel.com\/2026\/09\/02195840\/DisplayAd-970x90-1-18x2.jpg 18w\" sizes=\"(max-width: 970px) 100vw, 970px\" width=\"970\" height=\"90\"   \/><\/a><\/div>\n<p>Esto provocar\u00e1 inundaciones urbanas y de peque\u00f1os arroyos. Han ca\u00eddo entre 1 y 2 pulgadas de lluvia.<\/p>\n<p>Se esperan cantidades adicionales de lluvia de 1 a 2 pulgadas durante el \u00e1rea. Esta lluvia adicional resultar\u00e1 en inundaciones menores.<\/p>\n<p>El SNM exhort\u00f3 a mantener precauci\u00f3n.<\/p>","protected":false},"excerpt":{"rendered":"<p>Estar\u00e1 vigente hasta las 5:15 p.m. El Servicio Nacional de Meteorolog\u00eda (SNM), en San Juan emiti\u00f3 una advertencia de inundaciones para municipios del \u00e1rea oeste. Seg\u00fan el SNM, los municipios de Las Mar\u00edas, Maricao y Mayag\u00fcez estar\u00e1n bajo advertencia de inundaciones repentinas hasta las 5:15 de la tarde. A las 2:02 de la tarde, el [&hellip;]<\/p>","protected":false},"author":0,"featured_media":379509,"comment_status":"closed","ping_status":"closed","sticky":false,"template":"","format":"standard","meta":{"_acf_changed":false,"_monsterinsights_skip_tracking":false,"ep_exclude_from_search":false,"footnotes":""},"categories":[18],"tags":[],"class_list":["post-163266","post","type-post","status-publish","format-standard","has-post-thumbnail","hentry","category-el-tiempo"],"acf":[],"aioseo_notices":[],"_links":{"self":[{"href":"https:\/\/noticel.com\/en\/wp-json\/wp\/v2\/posts\/163266","targetHints":{"allow":["GET"]}}],"collection":[{"href":"https:\/\/noticel.com\/en\/wp-json\/wp\/v2\/posts"}],"about":[{"href":"https:\/\/noticel.com\/en\/wp-json\/wp\/v2\/types\/post"}],"replies":[{"embeddable":true,"href":"https:\/\/noticel.com\/en\/wp-json\/wp\/v2\/comments?post=163266"}],"version-history":[{"count":1,"href":"https:\/\/noticel.com\/en\/wp-json\/wp\/v2\/posts\/163266\/revisions"}],"predecessor-version":[{"id":379510,"href":"https:\/\/noticel.com\/en\/wp-json\/wp\/v2\/posts\/163266\/revisions\/379510"}],"wp:featuredmedia":[{"embeddable":true,"href":"https:\/\/noticel.com\/en\/wp-json\/wp\/v2\/media\/379509"}],"wp:attachment":[{"href":"https:\/\/noticel.com\/en\/wp-json\/wp\/v2\/media?parent=163266"}],"wp:term":[{"taxonomy":"category","embeddable":true,"href":"https:\/\/noticel.com\/en\/wp-json\/wp\/v2\/categories?post=163266"},{"taxonomy":"post_tag","embeddable":true,"href":"https:\/\/noticel.com\/en\/wp-json\/wp\/v2\/tags?post=163266"}],"curies":[{"name":"wp","href":"https:\/\/api.w.org\/{rel}","templated":true}]}}